{"id":3264,"date":"2025-09-10T20:18:10","date_gmt":"2025-09-11T03:18:10","guid":{"rendered":"https:\/\/aamnation.com\/?p=3264"},"modified":"2025-09-10T20:18:10","modified_gmt":"2025-09-11T03:18:10","slug":"upptack-framtiden-for-aam-electric-aviation-pa-airtaxi-world-congress-2025","status":"publish","type":"post","link":"https:\/\/aamnation.com\/sv\/2025\/09\/10\/discover-the-future-of-aam-electric-aviation-at-airtaxi-world-congress-2025\/","title":{"rendered":"Uppt\u00e4ck framtiden f\u00f6r AAM Electric Aviation p\u00e5 AIRTAXI World Congress 2025"},"content":{"rendered":"<p><strong>AIRTAXI World Congress 2025 kommer att f\u00f6rena globala AAM \/ UAM-flygledare, innovat\u00f6rer och beslutsfattare f\u00f6r n\u00e4tverkande, aff\u00e4rsm\u00f6ten, utst\u00e4llningar och insikter som formar den elektriska, h\u00e5llbara framtiden f\u00f6r lufttransport.<\/strong><\/p>\n<p><strong>Story och bildkredit: Av Joe Macey\u00a0<\/strong><br \/>\n<strong>AAM Internationa<\/strong>l<\/p>\n<p>&nbsp;<\/p>\n<p><strong><span style=\"color: #0000ff;\"><a style=\"color: #0000ff;\" href=\"https:\/\/www.airtaxiworldcongress.com\/?utm_source=aaminternational.com&amp;utm_medium=referral\">AIRTAXI:s v\u00e4rldskongress 2025<\/a><\/span> kommer att \u00e4ga rum p\u00e5 Radisson Blu Hotel, London Heathrow, den 20-23 oktober och etablerar sig \u00e5terigen som den ledande globala plattformen f\u00f6r AAM electric och h\u00e5llbar luftfart.<\/strong><\/p>\n<p>&nbsp;<\/p>\n<p>Kongressen samlar hela spektrumet av ekosystemet f\u00f6r luftr\u00f6rlighet, inklusive investerare, tillverkare, experter p\u00e5 framdrivning och avionik, innovat\u00f6rer inom autonomi, operat\u00f6rer, flygplats- och vertiportplanerare, stadsmyndigheter och regionala beslutsfattare, och utg\u00f6r ett forum f\u00f6r strategiska diskussioner, innovationsutst\u00e4llningar och samarbete.<\/p>\n<p>Med fokus p\u00e5 att forma framtiden f\u00f6r urbana och regionala flygtransporter arrangeras \u00e5rets\u00a0<span style=\"color: #0000ff;\"><a style=\"color: #0000ff;\" href=\"https:\/\/www.aaminternational.com\/events\/airtaxi\/\">AIRTAXI v\u00e4rldskongress<\/a><\/span>\u00a0lovar kritiska insikter, n\u00e4tverkande p\u00e5 h\u00f6g niv\u00e5 och en klar bild av den teknik och politik som kommer att definiera n\u00e4sta era av luftr\u00f6rlighet.<\/p>\n<p><span style=\"color: #0000ff;\"><strong><em><a style=\"color: #0000ff;\" href=\"https:\/\/www.airtaxiworldcongress.com\/2025-programme?utm_source=aaminternational.com&amp;utm_medium=referral\">H\u00e4r kan du ta en titt p\u00e5 programmet.<\/a><\/em><\/strong><\/span><\/p>\n<p>Det \u00e4r en m\u00f6jlighet att tr\u00e4ffa och engagera sig med viktiga beslutsfattare fr\u00e5n organisationer som t.ex:<\/p>\n<ul>\n<li>Volocopter CTO<\/li>\n<li>Direkt\u00f6r f\u00f6r Bristow<\/li>\n<li>Diamond Aircraft CTO<\/li>\n<li>Vertical Aerospace CCO<\/li>\n<li>Eve Air Mobility Chef f\u00f6r aff\u00e4rsutveckling<\/li>\n<li>Moya Aero VD<\/li>\n<li>Honeywell R&amp;D Arkitekt UAM<\/li>\n<li>Urban-Air Port Grundare<\/li>\n<\/ul>\n<p><strong><a href=\"https:\/\/www.airtaxiworldcongress.com\/?utm_source=aaminternational.com&amp;utm_medium=referral\"><em><span style=\"color: #0000ff;\">Bes\u00f6k webbplatsen f\u00f6r AIRTAXI World Congress f\u00f6r att se en fullst\u00e4ndig lista \u00f6ver deltagare.<\/span><\/em><\/a><\/strong><\/p>\n<p>Evenemanget kommer att inneh\u00e5lla 1-till-1 f\u00f6rbest\u00e4mda m\u00f6ten mellan k\u00f6pare och s\u00e4ljare, globala branschuppdateringar, utst\u00e4llningar, demonstrationer och h\u00f6gprofilerade sponsringsm\u00f6jligheter.<\/p>\n<p>S\u00e4kra dina aff\u00e4rsm\u00f6ten idag och \u00f6ka din strategiska r\u00e4ckvidd i AAM:s ekosystem. F\u00f6r f\u00f6rfr\u00e5gningar och m\u00f6teskoordinering, kontakta: ivy@airtaxiworldcongress.com<\/p>\n<p>Morgondagens himmel \u00e4r elektrisk, och framtiden tar fart p\u00e5 AIRTAXI World Congress 2025.<\/p>\n<p>... Anteckningar fr\u00e5n SP<\/p>\n<p><img data-recalc-dims=\"1\" decoding=\"async\" data-attachment-id=\"2455\" data-permalink=\"https:\/\/aamnation.com\/sv\/2025\/05\/14\/jetson-and-eurosets-revolutionizing-uam-emergency-response-with-evtol-technology-and-advanced-medical-solutions-can-save-lives\/aam-logo-2\/\" data-orig-file=\"https:\/\/i0.wp.com\/aamnation.com\/wp-content\/uploads\/2025\/05\/AAM-Logo-2.png?fit=150%2C150&amp;ssl=1\" data-orig-size=\"150,150\" data-comments-opened=\"1\" data-image-meta=\"{&quot;aperture&quot;:&quot;0&quot;,&quot;credit&quot;:&quot;&quot;,&quot;camera&quot;:&quot;&quot;,&quot;caption&quot;:&quot;&quot;,&quot;created_timestamp&quot;:&quot;0&quot;,&quot;copyright&quot;:&quot;&quot;,&quot;focal_length&quot;:&quot;0&quot;,&quot;iso&quot;:&quot;0&quot;,&quot;shutter_speed&quot;:&quot;0&quot;,&quot;title&quot;:&quot;&quot;,&quot;orientation&quot;:&quot;0&quot;}\" data-image-title=\"Advanced Air Mobility Nation AAM Nation Logo\" data-image-description=\"\" data-image-caption=\"\" data-large-file=\"https:\/\/i0.wp.com\/aamnation.com\/wp-content\/uploads\/2025\/05\/AAM-Logo-2.png?fit=150%2C150&amp;ssl=1\" class=\"size-full wp-image-2455 alignleft\" src=\"https:\/\/i0.wp.com\/aamnation.com\/wp-content\/uploads\/2025\/05\/AAM-Logo-2.png?resize=150%2C150&#038;ssl=1\" alt=\"\" width=\"150\" height=\"150\" srcset=\"https:\/\/i0.wp.com\/aamnation.com\/wp-content\/uploads\/2025\/05\/AAM-Logo-2.png?w=150&amp;ssl=1 150w, https:\/\/i0.wp.com\/aamnation.com\/wp-content\/uploads\/2025\/05\/AAM-Logo-2.png?resize=12%2C12&amp;ssl=1 12w\" sizes=\"(max-width: 150px) 100vw, 150px\" \/><\/p>","protected":false},"excerpt":{"rendered":"<p>AIRTAXI World Congress 2025 will unite global AAM \/ UAM aviation leaders, innovators, and policymakers&#8230;<\/p>","protected":false},"author":165558846,"featured_media":3266,"comment_status":"open","ping_status":"open","sticky":false,"template":"","format":"standard","meta":{"_crdt_document":"","om_disable_all_campaigns":false,"_monsterinsights_skip_tracking":false,"_monsterinsights_sitenote_active":false,"_monsterinsights_sitenote_note":"","_monsterinsights_sitenote_category":0,"_jetpack_newsletter_access":"","_jetpack_dont_email_post_to_subs":false,"_jetpack_newsletter_tier_id":0,"_jetpack_memberships_contains_paywalled_content":false,"_jetpack_memberships_contains_paid_content":false,"footnotes":"","jetpack_publicize_message":"","jetpack_publicize_feature_enabled":true,"jetpack_social_post_already_shared":true,"jetpack_social_options":{"image_generator_settings":{"template":"highway","default_image_id":3941,"font":"","enabled":false},"version":2},"_wpas_customize_per_network":false,"jetpack_post_was_ever_published":false},"categories":[1511,1383],"tags":[1505,1449,1501,1445,1395,1483,1486,1494,1392,1532,1447,1534,1398,1541,1543,1542,1531,1530,1535,1528,1507,1444,1438,1394,1514,1402,1506,1450,1502,1446,1396,1484,1487,1495,1448,1478,1500,1503,1397,1401,1508,1533],"class_list":["post-3264","post","type-post","status-publish","format-standard","has-post-thumbnail","hentry","category-aam-uam-air-taxi","category-aam-uam-expo-show","tag-aam","tag-aam-aerospace","tag-aam-air-taxi","tag-aam-aircraft","tag-aam-evtol","tag-aam-int-business","tag-aam-logistics","tag-aam-medical","tag-aam-nation","tag-aam-sky-taxi-uam-sky-taxi","tag-aam-tech-news","tag-aam-trader","tag-aam-uam-business","tag-aam-uam-career-employment-job-portal","tag-aam-uam-employment","tag-aam-uam-jobs","tag-aamamt","tag-aamelf","tag-aamuam-trader","tag-advanced-air-mobility-nation","tag-aviation","tag-battery","tag-etechnology","tag-evtol","tag-flying-car","tag-technology","tag-uam","tag-uam-aerospace","tag-uam-air-taxi","tag-uam-aircraft","tag-uam-evtol","tag-uam-int-business","tag-uam-logistics","tag-uam-medical","tag-uam-tech-news","tag-uas","tag-uav","tag-uav-logistics","tag-usa-aam","tag-vertical-flight-society","tag-ww-air-taxi","tag-ww-air-taxi-app"],"aioseo_notices":[],"jetpack_publicize_connections":[],"featured_image_urls":{"full":["https:\/\/i0.wp.com\/aamnation.com\/wp-content\/uploads\/2025\/09\/Discover-the-Future-of-Electric-Aviation-at-AIRTAXI-World-Congress-2025.jpg?fit=1024%2C614&ssl=1",1024,614,false],"thumbnail":["https:\/\/i0.wp.com\/aamnation.com\/wp-content\/uploads\/2025\/09\/Discover-the-Future-of-Electric-Aviation-at-AIRTAXI-World-Congress-2025.jpg?resize=150%2C150&ssl=1",150,150,true],"medium":["https:\/\/i0.wp.com\/aamnation.com\/wp-content\/uploads\/2025\/09\/Discover-the-Future-of-Electric-Aviation-at-AIRTAXI-World-Congress-2025.jpg?fit=300%2C180&ssl=1",300,180,true],"medium_large":["https:\/\/i0.wp.com\/aamnation.com\/wp-content\/uploads\/2025\/09\/Discover-the-Future-of-Electric-Aviation-at-AIRTAXI-World-Congress-2025.jpg?fit=640%2C384&ssl=1",640,384,true],"large":["https:\/\/i0.wp.com\/aamnation.com\/wp-content\/uploads\/2025\/09\/Discover-the-Future-of-Electric-Aviation-at-AIRTAXI-World-Congress-2025.jpg?fit=640%2C384&ssl=1",640,384,true],"1536x1536":["https:\/\/i0.wp.com\/aamnation.com\/wp-content\/uploads\/2025\/09\/Discover-the-Future-of-Electric-Aviation-at-AIRTAXI-World-Congress-2025.jpg?fit=1024%2C614&ssl=1",1024,614,true],"2048x2048":["https:\/\/i0.wp.com\/aamnation.com\/wp-content\/uploads\/2025\/09\/Discover-the-Future-of-Electric-Aviation-at-AIRTAXI-World-Congress-2025.jpg?fit=1024%2C614&ssl=1",1024,614,true],"trp-custom-language-flag":["https:\/\/i0.wp.com\/aamnation.com\/wp-content\/uploads\/2025\/09\/Discover-the-Future-of-Electric-Aviation-at-AIRTAXI-World-Congress-2025.jpg?fit=18%2C12&ssl=1",18,12,true],"newspack-article-block-landscape-large":["https:\/\/i0.wp.com\/aamnation.com\/wp-content\/uploads\/2025\/09\/Discover-the-Future-of-Electric-Aviation-at-AIRTAXI-World-Congress-2025.jpg?resize=1024%2C614&ssl=1",1024,614,true],"newspack-article-block-portrait-large":["https:\/\/i0.wp.com\/aamnation.com\/wp-content\/uploads\/2025\/09\/Discover-the-Future-of-Electric-Aviation-at-AIRTAXI-World-Congress-2025.jpg?resize=900%2C614&ssl=1",900,614,true],"newspack-article-block-square-large":["https:\/\/i0.wp.com\/aamnation.com\/wp-content\/uploads\/2025\/09\/Discover-the-Future-of-Electric-Aviation-at-AIRTAXI-World-Congress-2025.jpg?resize=1024%2C614&ssl=1",1024,614,true],"newspack-article-block-landscape-medium":["https:\/\/i0.wp.com\/aamnation.com\/wp-content\/uploads\/2025\/09\/Discover-the-Future-of-Electric-Aviation-at-AIRTAXI-World-Congress-2025.jpg?resize=800%2C600&ssl=1",800,600,true],"newspack-article-block-portrait-medium":["https:\/\/i0.wp.com\/aamnation.com\/wp-content\/uploads\/2025\/09\/Discover-the-Future-of-Electric-Aviation-at-AIRTAXI-World-Congress-2025.jpg?resize=600%2C614&ssl=1",600,614,true],"newspack-article-block-square-medium":["https:\/\/i0.wp.com\/aamnation.com\/wp-content\/uploads\/2025\/09\/Discover-the-Future-of-Electric-Aviation-at-AIRTAXI-World-Congress-2025.jpg?resize=800%2C614&ssl=1",800,614,true],"newspack-article-block-landscape-intermediate":["https:\/\/i0.wp.com\/aamnation.com\/wp-content\/uploads\/2025\/09\/Discover-the-Future-of-Electric-Aviation-at-AIRTAXI-World-Congress-2025.jpg?resize=600%2C450&ssl=1",600,450,true],"newspack-article-block-portrait-intermediate":["https:\/\/i0.wp.com\/aamnation.com\/wp-content\/uploads\/2025\/09\/Discover-the-Future-of-Electric-Aviation-at-AIRTAXI-World-Congress-2025.jpg?resize=450%2C600&ssl=1",450,600,true],"newspack-article-block-square-intermediate":["https:\/\/i0.wp.com\/aamnation.com\/wp-content\/uploads\/2025\/09\/Discover-the-Future-of-Electric-Aviation-at-AIRTAXI-World-Congress-2025.jpg?resize=600%2C600&ssl=1",600,600,true],"newspack-article-block-landscape-small":["https:\/\/i0.wp.com\/aamnation.com\/wp-content\/uploads\/2025\/09\/Discover-the-Future-of-Electric-Aviation-at-AIRTAXI-World-Congress-2025.jpg?resize=400%2C300&ssl=1",400,300,true],"newspack-article-block-portrait-small":["https:\/\/i0.wp.com\/aamnation.com\/wp-content\/uploads\/2025\/09\/Discover-the-Future-of-Electric-Aviation-at-AIRTAXI-World-Congress-2025.jpg?resize=300%2C400&ssl=1",300,400,true],"newspack-article-block-square-small":["https:\/\/i0.wp.com\/aamnation.com\/wp-content\/uploads\/2025\/09\/Discover-the-Future-of-Electric-Aviation-at-AIRTAXI-World-Congress-2025.jpg?resize=400%2C400&ssl=1",400,400,true],"newspack-article-block-landscape-tiny":["https:\/\/i0.wp.com\/aamnation.com\/wp-content\/uploads\/2025\/09\/Discover-the-Future-of-Electric-Aviation-at-AIRTAXI-World-Congress-2025.jpg?resize=200%2C150&ssl=1",200,150,true],"newspack-article-block-portrait-tiny":["https:\/\/i0.wp.com\/aamnation.com\/wp-content\/uploads\/2025\/09\/Discover-the-Future-of-Electric-Aviation-at-AIRTAXI-World-Congress-2025.jpg?resize=150%2C200&ssl=1",150,200,true],"newspack-article-block-square-tiny":["https:\/\/i0.wp.com\/aamnation.com\/wp-content\/uploads\/2025\/09\/Discover-the-Future-of-Electric-Aviation-at-AIRTAXI-World-Congress-2025.jpg?resize=200%2C200&ssl=1",200,200,true],"newspack-article-block-uncropped":["https:\/\/i0.wp.com\/aamnation.com\/wp-content\/uploads\/2025\/09\/Discover-the-Future-of-Electric-Aviation-at-AIRTAXI-World-Congress-2025.jpg?fit=1024%2C614&ssl=1",1024,614,true],"newsever-slider-full":["https:\/\/i0.wp.com\/aamnation.com\/wp-content\/uploads\/2025\/09\/Discover-the-Future-of-Electric-Aviation-at-AIRTAXI-World-Congress-2025.jpg?resize=1024%2C614&ssl=1",1024,614,true],"newsever-featured":["https:\/\/i0.wp.com\/aamnation.com\/wp-content\/uploads\/2025\/09\/Discover-the-Future-of-Electric-Aviation-at-AIRTAXI-World-Congress-2025.jpg?fit=1024%2C614&ssl=1",1024,614,true],"newsever-medium":["https:\/\/i0.wp.com\/aamnation.com\/wp-content\/uploads\/2025\/09\/Discover-the-Future-of-Electric-Aviation-at-AIRTAXI-World-Congress-2025.jpg?resize=720%2C475&ssl=1",720,475,true]},"author_info":{"display_name":"EVHNews","author_link":"https:\/\/aamnation.com\/sv\/author\/evhnews\/"},"category_info":"<a href=\"https:\/\/aamnation.com\/sv\/category\/aam-uam-air-taxi\/\" rel=\"category tag\">AAM &amp; UAM Air Taxi<\/a> <a href=\"https:\/\/aamnation.com\/sv\/category\/aam-uam-expo-show\/\" rel=\"category tag\">AAM &amp; UAM Expo \/ Show<\/a>","tag_info":"AAM &amp; UAM Expo \/ Show","comment_count":"0","jetpack_featured_media_url":"https:\/\/i0.wp.com\/aamnation.com\/wp-content\/uploads\/2025\/09\/Discover-the-Future-of-Electric-Aviation-at-AIRTAXI-World-Congress-2025.jpg?fit=1024%2C614&ssl=1","aioseo_head":"\n\t\t<!-- All in One SEO Pro 4.9.6.2 - aioseo.com -->\n\t<meta name=\"description\" content=\"AIRTAXI World Congress 2025 will unite global AAM \/ UAM aviation leaders, innovators, and policymakers for networking, business meetings, exhibitions, and insights shaping the electric, sustainable future of air mobility. Story and Image Credit: By Joe Macey AAM International AIRTAXI World Congress 2025 will take place at the Radisson Blu Hotel, London Heathrow, from\" \/>\n\t<meta name=\"robots\" content=\"max-image-preview:large\" \/>\n\t<meta name=\"author\" content=\"EVHNews\"\/>\n\t<meta name=\"google-site-verification\" content=\"VhfKKFpAUd5BDOqNdL0E7pN1M5DYDEoFZZAnvKiTddM\" \/>\n\t<link rel=\"canonical\" href=\"https:\/\/aamnation.com\/sv\/2025\/09\/10\/discover-the-future-of-aam-electric-aviation-at-airtaxi-world-congress-2025\/\" \/>\n\t<meta name=\"generator\" content=\"All in One SEO Pro (AIOSEO) 4.9.6.2\" \/>\n\t\t<meta property=\"og:locale\" content=\"sv_SE\" \/>\n\t\t<meta property=\"og:site_name\" content=\"AAM Nation - Is Elevating The Worldwide AAM \/ UAM \/ UAS \/ UAV \/ Air Taxi eVTOL and Flying Car Industry Into The Future!\" \/>\n\t\t<meta property=\"og:type\" content=\"article\" \/>\n\t\t<meta property=\"og:title\" content=\"Discover the Future of AAM Electric Aviation at AIRTAXI World Congress 2025 - AAM Nation\" \/>\n\t\t<meta property=\"og:description\" content=\"AIRTAXI World Congress 2025 will unite global AAM \/ UAM aviation leaders, innovators, and policymakers for networking, business meetings, exhibitions, and insights shaping the electric, sustainable future of air mobility. Story and Image Credit: By Joe Macey AAM International AIRTAXI World Congress 2025 will take place at the Radisson Blu Hotel, London Heathrow, from\" \/>\n\t\t<meta property=\"og:url\" content=\"https:\/\/aamnation.com\/sv\/2025\/09\/10\/discover-the-future-of-aam-electric-aviation-at-airtaxi-world-congress-2025\/\" \/>\n\t\t<meta property=\"og:image\" content=\"https:\/\/aamnation.com\/wp-content\/uploads\/2025\/05\/AAM-Logo-2.png\" \/>\n\t\t<meta property=\"og:image:secure_url\" content=\"https:\/\/aamnation.com\/wp-content\/uploads\/2025\/05\/AAM-Logo-2.png\" \/>\n\t\t<meta property=\"og:image:width\" content=\"150\" \/>\n\t\t<meta property=\"og:image:height\" content=\"150\" \/>\n\t\t<meta property=\"article:published_time\" content=\"2025-09-11T03:18:10+00:00\" \/>\n\t\t<meta property=\"article:modified_time\" content=\"2025-09-11T03:18:10+00:00\" \/>\n\t\t<meta name=\"twitter:card\" content=\"summary_large_image\" \/>\n\t\t<meta name=\"twitter:title\" content=\"Discover the Future of AAM Electric Aviation at AIRTAXI World Congress 2025 - AAM Nation\" \/>\n\t\t<meta name=\"twitter:description\" content=\"AIRTAXI World Congress 2025 will unite global AAM \/ UAM aviation leaders, innovators, and policymakers for networking, business meetings, exhibitions, and insights shaping the electric, sustainable future of air mobility. Story and Image Credit: By Joe Macey AAM International AIRTAXI World Congress 2025 will take place at the Radisson Blu Hotel, London Heathrow, from\" \/>\n\t\t<meta name=\"twitter:image\" content=\"https:\/\/aamnation.com\/wp-content\/uploads\/2025\/05\/AAM-Logo-2.png\" \/>\n\t\t<script type=\"application\/ld+json\" class=\"aioseo-schema\">\n\t\t\t{\"@context\":\"https:\\\/\\\/schema.org\",\"@graph\":[{\"@type\":\"BlogPosting\",\"@id\":\"https:\\\/\\\/aamnation.com\\\/sv\\\/2025\\\/09\\\/10\\\/discover-the-future-of-aam-electric-aviation-at-airtaxi-world-congress-2025\\\/#blogposting\",\"name\":\"Discover the Future of AAM Electric Aviation at AIRTAXI World Congress 2025 - AAM Nation\",\"headline\":\"Discover the Future of AAM Electric Aviation at AIRTAXI World Congress 2025\",\"author\":{\"@id\":\"https:\\\/\\\/aamnation.com\\\/sv\\\/author\\\/evhnews\\\/#author\"},\"publisher\":{\"@id\":\"https:\\\/\\\/aamnation.com\\\/sv\\\/#organization\"},\"image\":{\"@type\":\"ImageObject\",\"url\":\"https:\\\/\\\/i0.wp.com\\\/aamnation.com\\\/wp-content\\\/uploads\\\/2025\\\/09\\\/Discover-the-Future-of-Electric-Aviation-at-AIRTAXI-World-Congress-2025.jpg?fit=1024%2C614&ssl=1\",\"width\":1024,\"height\":614},\"datePublished\":\"2025-09-10T20:18:10-07:00\",\"dateModified\":\"2025-09-10T20:18:10-07:00\",\"inLanguage\":\"sv-SE\",\"mainEntityOfPage\":{\"@id\":\"https:\\\/\\\/aamnation.com\\\/sv\\\/2025\\\/09\\\/10\\\/discover-the-future-of-aam-electric-aviation-at-airtaxi-world-congress-2025\\\/#webpage\"},\"isPartOf\":{\"@id\":\"https:\\\/\\\/aamnation.com\\\/sv\\\/2025\\\/09\\\/10\\\/discover-the-future-of-aam-electric-aviation-at-airtaxi-world-congress-2025\\\/#webpage\"},\"articleSection\":\"AAM &amp; UAM Air Taxi, AAM &amp; UAM Expo \\\/ Show, #AAM, #AAM Aerospace, #AAM Air Taxi, #AAM Aircraft, #AAM eVTOL, #AAM Int. Business, #AAM Logistics, #AAM Medical, #AAM Nation, #AAM Sky Taxi #UAM Sky Taxi, #AAM Tech News, #AAM Trader, #AAM UAM Business, #AAM UAM Career Employment Job Portal, #AAM UAM Employment, #AAM UAM Jobs, #AAMAMT, #AAMELF, #AAMUAM Trader, #Advanced Air Mobility Nation, #aviation, #Battery, #eTechnology, #eVTOL, #Flying Car, #Technology, #UAM, #UAM Aerospace, #UAM Air Taxi, #UAM Aircraft, #UAM eVTOL, #UAM Int. Business, #UAM Logistics, #UAM Medical, #UAM Tech News, #UAS, #UAV, #UAV Logistics, #USA AAM, #Vertical Flight Society, #WW Air Taxi, #WW Air Taxi app\"},{\"@type\":\"BreadcrumbList\",\"@id\":\"https:\\\/\\\/aamnation.com\\\/sv\\\/2025\\\/09\\\/10\\\/discover-the-future-of-aam-electric-aviation-at-airtaxi-world-congress-2025\\\/#breadcrumblist\",\"itemListElement\":[{\"@type\":\"ListItem\",\"@id\":\"https:\\\/\\\/aamnation.com\\\/sv#listItem\",\"position\":1,\"name\":\"Home\",\"item\":\"https:\\\/\\\/aamnation.com\\\/sv\",\"nextItem\":{\"@type\":\"ListItem\",\"@id\":\"https:\\\/\\\/aamnation.com\\\/sv\\\/category\\\/aam-uam-expo-show\\\/#listItem\",\"name\":\"AAM &amp; UAM Expo \\\/ Show\"}},{\"@type\":\"ListItem\",\"@id\":\"https:\\\/\\\/aamnation.com\\\/sv\\\/category\\\/aam-uam-expo-show\\\/#listItem\",\"position\":2,\"name\":\"AAM &amp; UAM Expo \\\/ Show\",\"item\":\"https:\\\/\\\/aamnation.com\\\/sv\\\/category\\\/aam-uam-expo-show\\\/\",\"nextItem\":{\"@type\":\"ListItem\",\"@id\":\"https:\\\/\\\/aamnation.com\\\/sv\\\/2025\\\/09\\\/10\\\/discover-the-future-of-aam-electric-aviation-at-airtaxi-world-congress-2025\\\/#listItem\",\"name\":\"Discover the Future of AAM Electric Aviation at AIRTAXI World Congress 2025\"},\"previousItem\":{\"@type\":\"ListItem\",\"@id\":\"https:\\\/\\\/aamnation.com\\\/sv#listItem\",\"name\":\"Home\"}},{\"@type\":\"ListItem\",\"@id\":\"https:\\\/\\\/aamnation.com\\\/sv\\\/2025\\\/09\\\/10\\\/discover-the-future-of-aam-electric-aviation-at-airtaxi-world-congress-2025\\\/#listItem\",\"position\":3,\"name\":\"Discover the Future of AAM Electric Aviation at AIRTAXI World Congress 2025\",\"previousItem\":{\"@type\":\"ListItem\",\"@id\":\"https:\\\/\\\/aamnation.com\\\/sv\\\/category\\\/aam-uam-expo-show\\\/#listItem\",\"name\":\"AAM &amp; UAM Expo \\\/ Show\"}}]},{\"@type\":\"Organization\",\"@id\":\"https:\\\/\\\/aamnation.com\\\/sv\\\/#organization\",\"name\":\"AAM Nation AAM Nation\",\"description\":\"Is Elevating The Worldwide AAM \\\/ UAM \\\/ UAS \\\/ UAV \\\/ Air Taxi eVTOL and Flying Car Industry Into The Future! Elevating The Worldwide AAM \\\/ UAM \\\/ UAS \\\/ UAV Air Taxi eVTOL and Flying Car Industry Into The Future!\",\"url\":\"https:\\\/\\\/aamnation.com\\\/sv\\\/\",\"email\":\"contact@aamnation.com\",\"telephone\":\"+19492268880\",\"logo\":{\"@type\":\"ImageObject\",\"url\":\"https:\\\/\\\/i0.wp.com\\\/aamnation.com\\\/wp-content\\\/uploads\\\/2025\\\/05\\\/AAM-Logo-2.png?fit=150%2C150&ssl=1\",\"@id\":\"https:\\\/\\\/aamnation.com\\\/sv\\\/2025\\\/09\\\/10\\\/discover-the-future-of-aam-electric-aviation-at-airtaxi-world-congress-2025\\\/#organizationLogo\",\"width\":150,\"height\":150},\"image\":{\"@id\":\"https:\\\/\\\/aamnation.com\\\/sv\\\/2025\\\/09\\\/10\\\/discover-the-future-of-aam-electric-aviation-at-airtaxi-world-congress-2025\\\/#organizationLogo\"}},{\"@type\":\"Person\",\"@id\":\"https:\\\/\\\/aamnation.com\\\/sv\\\/author\\\/evhnews\\\/#author\",\"url\":\"https:\\\/\\\/aamnation.com\\\/sv\\\/author\\\/evhnews\\\/\",\"name\":\"EVHNews\",\"image\":{\"@type\":\"ImageObject\",\"url\":\"https:\\\/\\\/secure.gravatar.com\\\/avatar\\\/6aaa381193748eb0a0f3bfcddc76d9a039b8dbbdb1c0a8260da8c44e6e31285a?s=96&d=identicon&r=g\"}},{\"@type\":\"WebPage\",\"@id\":\"https:\\\/\\\/aamnation.com\\\/sv\\\/2025\\\/09\\\/10\\\/discover-the-future-of-aam-electric-aviation-at-airtaxi-world-congress-2025\\\/#webpage\",\"url\":\"https:\\\/\\\/aamnation.com\\\/sv\\\/2025\\\/09\\\/10\\\/discover-the-future-of-aam-electric-aviation-at-airtaxi-world-congress-2025\\\/\",\"name\":\"Discover the Future of AAM Electric Aviation at AIRTAXI World Congress 2025 - AAM Nation\",\"description\":\"AIRTAXI World Congress 2025 will unite global AAM \\\/ UAM aviation leaders, innovators, and policymakers for networking, business meetings, exhibitions, and insights shaping the electric, sustainable future of air mobility. Story and Image Credit: By Joe Macey AAM International AIRTAXI World Congress 2025 will take place at the Radisson Blu Hotel, London Heathrow, from\",\"inLanguage\":\"sv-SE\",\"isPartOf\":{\"@id\":\"https:\\\/\\\/aamnation.com\\\/sv\\\/#website\"},\"breadcrumb\":{\"@id\":\"https:\\\/\\\/aamnation.com\\\/sv\\\/2025\\\/09\\\/10\\\/discover-the-future-of-aam-electric-aviation-at-airtaxi-world-congress-2025\\\/#breadcrumblist\"},\"author\":{\"@id\":\"https:\\\/\\\/aamnation.com\\\/sv\\\/author\\\/evhnews\\\/#author\"},\"creator\":{\"@id\":\"https:\\\/\\\/aamnation.com\\\/sv\\\/author\\\/evhnews\\\/#author\"},\"image\":{\"@type\":\"ImageObject\",\"url\":\"https:\\\/\\\/i0.wp.com\\\/aamnation.com\\\/wp-content\\\/uploads\\\/2025\\\/09\\\/Discover-the-Future-of-Electric-Aviation-at-AIRTAXI-World-Congress-2025.jpg?fit=1024%2C614&ssl=1\",\"@id\":\"https:\\\/\\\/aamnation.com\\\/sv\\\/2025\\\/09\\\/10\\\/discover-the-future-of-aam-electric-aviation-at-airtaxi-world-congress-2025\\\/#mainImage\",\"width\":1024,\"height\":614},\"primaryImageOfPage\":{\"@id\":\"https:\\\/\\\/aamnation.com\\\/sv\\\/2025\\\/09\\\/10\\\/discover-the-future-of-aam-electric-aviation-at-airtaxi-world-congress-2025\\\/#mainImage\"},\"datePublished\":\"2025-09-10T20:18:10-07:00\",\"dateModified\":\"2025-09-10T20:18:10-07:00\"},{\"@type\":\"WebSite\",\"@id\":\"https:\\\/\\\/aamnation.com\\\/sv\\\/#website\",\"url\":\"https:\\\/\\\/aamnation.com\\\/sv\\\/\",\"name\":\"AAM Nation\",\"description\":\"Is Elevating The Worldwide AAM \\\/ UAM \\\/ UAS \\\/ UAV \\\/ Air Taxi eVTOL and Flying Car Industry Into The Future!\",\"inLanguage\":\"sv-SE\",\"publisher\":{\"@id\":\"https:\\\/\\\/aamnation.com\\\/sv\\\/#organization\"}}]}\n\t\t<\/script>\n\t\t<!-- All in One SEO Pro -->\r\n\t\t<title>Discover the Future of AAM Electric Aviation at AIRTAXI World Congress 2025 - AAM Nation<\/title>\n\n","aioseo_head_json":{"title":"Uppt\u00e4ck framtiden f\u00f6r AAM Electric Aviation p\u00e5 AIRTAXI World Congress 2025 - AAM Nation","description":"AIRTAXI World Congress 2025 kommer att f\u00f6rena globala AAM \/ UAM-ledare, innovat\u00f6rer och beslutsfattare f\u00f6r n\u00e4tverkande, aff\u00e4rsm\u00f6ten, utst\u00e4llningar och insikter som formar den elektriska, h\u00e5llbara framtiden f\u00f6r luftr\u00f6rlighet. Story and Image Credit: By Joe Macey AAM International AIRTAXI World Congress 2025 kommer att \u00e4ga rum p\u00e5 Radisson Blu Hotel, London Heathrow, fr\u00e5n","canonical_url":"https:\/\/aamnation.com\/sv\/2025\/09\/10\/discover-the-future-of-aam-electric-aviation-at-airtaxi-world-congress-2025\/","robots":"max-image-preview:large","keywords":"","webmasterTools":{"google-site-verification":"VhfKKFpAUd5BDOqNdL0E7pN1M5DYDEoFZZAnvKiTddM","miscellaneous":""},"schema":{"@context":"https:\/\/schema.org","@graph":[{"@type":"BlogPosting","@id":"https:\/\/aamnation.com\/sv\/2025\/09\/10\/discover-the-future-of-aam-electric-aviation-at-airtaxi-world-congress-2025\/#blogposting","name":"Discover the Future of AAM Electric Aviation at AIRTAXI World Congress 2025 - AAM Nation","headline":"Discover the Future of AAM Electric Aviation at AIRTAXI World Congress 2025","author":{"@id":"https:\/\/aamnation.com\/sv\/author\/evhnews\/#author"},"publisher":{"@id":"https:\/\/aamnation.com\/sv\/#organization"},"image":{"@type":"ImageObject","url":"https:\/\/i0.wp.com\/aamnation.com\/wp-content\/uploads\/2025\/09\/Discover-the-Future-of-Electric-Aviation-at-AIRTAXI-World-Congress-2025.jpg?fit=1024%2C614&ssl=1","width":1024,"height":614},"datePublished":"2025-09-10T20:18:10-07:00","dateModified":"2025-09-10T20:18:10-07:00","inLanguage":"sv-SE","mainEntityOfPage":{"@id":"https:\/\/aamnation.com\/sv\/2025\/09\/10\/discover-the-future-of-aam-electric-aviation-at-airtaxi-world-congress-2025\/#webpage"},"isPartOf":{"@id":"https:\/\/aamnation.com\/sv\/2025\/09\/10\/discover-the-future-of-aam-electric-aviation-at-airtaxi-world-congress-2025\/#webpage"},"articleSection":"AAM &amp; UAM Air Taxi, AAM &amp; UAM Expo \/ Show, #AAM, #AAM Aerospace, #AAM Air Taxi, #AAM Aircraft, #AAM eVTOL, #AAM Int. Business, #AAM Logistics, #AAM Medical, #AAM Nation, #AAM Sky Taxi #UAM Sky Taxi, #AAM Tech News, #AAM Trader, #AAM UAM Business, #AAM UAM Career Employment Job Portal, #AAM UAM Employment, #AAM UAM Jobs, #AAMAMT, #AAMELF, #AAMUAM Trader, #Advanced Air Mobility Nation, #aviation, #Battery, #eTechnology, #eVTOL, #Flying Car, #Technology, #UAM, #UAM Aerospace, #UAM Air Taxi, #UAM Aircraft, #UAM eVTOL, #UAM Int. Business, #UAM Logistics, #UAM Medical, #UAM Tech News, #UAS, #UAV, #UAV Logistics, #USA AAM, #Vertical Flight Society, #WW Air Taxi, #WW Air Taxi app"},{"@type":"BreadcrumbList","@id":"https:\/\/aamnation.com\/sv\/2025\/09\/10\/discover-the-future-of-aam-electric-aviation-at-airtaxi-world-congress-2025\/#breadcrumblist","itemListElement":[{"@type":"ListItem","@id":"https:\/\/aamnation.com\/sv#listItem","position":1,"name":"Home","item":"https:\/\/aamnation.com\/sv","nextItem":{"@type":"ListItem","@id":"https:\/\/aamnation.com\/sv\/category\/aam-uam-expo-show\/#listItem","name":"AAM &amp; UAM Expo \/ Show"}},{"@type":"ListItem","@id":"https:\/\/aamnation.com\/sv\/category\/aam-uam-expo-show\/#listItem","position":2,"name":"AAM &amp; UAM Expo \/ Show","item":"https:\/\/aamnation.com\/sv\/category\/aam-uam-expo-show\/","nextItem":{"@type":"ListItem","@id":"https:\/\/aamnation.com\/sv\/2025\/09\/10\/discover-the-future-of-aam-electric-aviation-at-airtaxi-world-congress-2025\/#listItem","name":"Discover the Future of AAM Electric Aviation at AIRTAXI World Congress 2025"},"previousItem":{"@type":"ListItem","@id":"https:\/\/aamnation.com\/sv#listItem","name":"Home"}},{"@type":"ListItem","@id":"https:\/\/aamnation.com\/sv\/2025\/09\/10\/discover-the-future-of-aam-electric-aviation-at-airtaxi-world-congress-2025\/#listItem","position":3,"name":"Discover the Future of AAM Electric Aviation at AIRTAXI World Congress 2025","previousItem":{"@type":"ListItem","@id":"https:\/\/aamnation.com\/sv\/category\/aam-uam-expo-show\/#listItem","name":"AAM &amp; UAM Expo \/ Show"}}]},{"@type":"Organization","@id":"https:\/\/aamnation.com\/sv\/#organization","name":"AAM Nation AAM Nation","description":"Is Elevating The Worldwide AAM \/ UAM \/ UAS \/ UAV \/ Air Taxi eVTOL and Flying Car Industry Into The Future! Elevating The Worldwide AAM \/ UAM \/ UAS \/ UAV Air Taxi eVTOL and Flying Car Industry Into The Future!","url":"https:\/\/aamnation.com\/sv\/","email":"contact@aamnation.com","telephone":"+19492268880","logo":{"@type":"ImageObject","url":"https:\/\/i0.wp.com\/aamnation.com\/wp-content\/uploads\/2025\/05\/AAM-Logo-2.png?fit=150%2C150&ssl=1","@id":"https:\/\/aamnation.com\/sv\/2025\/09\/10\/discover-the-future-of-aam-electric-aviation-at-airtaxi-world-congress-2025\/#organizationLogo","width":150,"height":150},"image":{"@id":"https:\/\/aamnation.com\/sv\/2025\/09\/10\/discover-the-future-of-aam-electric-aviation-at-airtaxi-world-congress-2025\/#organizationLogo"}},{"@type":"Person","@id":"https:\/\/aamnation.com\/sv\/author\/evhnews\/#author","url":"https:\/\/aamnation.com\/sv\/author\/evhnews\/","name":"EVHNews","image":{"@type":"ImageObject","url":"https:\/\/secure.gravatar.com\/avatar\/6aaa381193748eb0a0f3bfcddc76d9a039b8dbbdb1c0a8260da8c44e6e31285a?s=96&d=identicon&r=g"}},{"@type":"WebPage","@id":"https:\/\/aamnation.com\/sv\/2025\/09\/10\/discover-the-future-of-aam-electric-aviation-at-airtaxi-world-congress-2025\/#webpage","url":"https:\/\/aamnation.com\/sv\/2025\/09\/10\/discover-the-future-of-aam-electric-aviation-at-airtaxi-world-congress-2025\/","name":"Discover the Future of AAM Electric Aviation at AIRTAXI World Congress 2025 - AAM Nation","description":"AIRTAXI World Congress 2025 will unite global AAM \/ UAM aviation leaders, innovators, and policymakers for networking, business meetings, exhibitions, and insights shaping the electric, sustainable future of air mobility. Story and Image Credit: By Joe Macey AAM International AIRTAXI World Congress 2025 will take place at the Radisson Blu Hotel, London Heathrow, from","inLanguage":"sv-SE","isPartOf":{"@id":"https:\/\/aamnation.com\/sv\/#website"},"breadcrumb":{"@id":"https:\/\/aamnation.com\/sv\/2025\/09\/10\/discover-the-future-of-aam-electric-aviation-at-airtaxi-world-congress-2025\/#breadcrumblist"},"author":{"@id":"https:\/\/aamnation.com\/sv\/author\/evhnews\/#author"},"creator":{"@id":"https:\/\/aamnation.com\/sv\/author\/evhnews\/#author"},"image":{"@type":"ImageObject","url":"https:\/\/i0.wp.com\/aamnation.com\/wp-content\/uploads\/2025\/09\/Discover-the-Future-of-Electric-Aviation-at-AIRTAXI-World-Congress-2025.jpg?fit=1024%2C614&ssl=1","@id":"https:\/\/aamnation.com\/sv\/2025\/09\/10\/discover-the-future-of-aam-electric-aviation-at-airtaxi-world-congress-2025\/#mainImage","width":1024,"height":614},"primaryImageOfPage":{"@id":"https:\/\/aamnation.com\/sv\/2025\/09\/10\/discover-the-future-of-aam-electric-aviation-at-airtaxi-world-congress-2025\/#mainImage"},"datePublished":"2025-09-10T20:18:10-07:00","dateModified":"2025-09-10T20:18:10-07:00"},{"@type":"WebSite","@id":"https:\/\/aamnation.com\/sv\/#website","url":"https:\/\/aamnation.com\/sv\/","name":"AAM Nation","description":"Is Elevating The Worldwide AAM \/ UAM \/ UAS \/ UAV \/ Air Taxi eVTOL and Flying Car Industry Into The Future!","inLanguage":"sv-SE","publisher":{"@id":"https:\/\/aamnation.com\/sv\/#organization"}}]},"og:locale":"sv_SE","og:site_name":"AAM Nation - Is Elevating The Worldwide AAM \/ UAM \/ UAS \/ UAV \/ Air Taxi eVTOL and Flying Car Industry Into The Future!","og:type":"article","og:title":"Discover the Future of AAM Electric Aviation at AIRTAXI World Congress 2025 - AAM Nation","og:description":"AIRTAXI World Congress 2025 will unite global AAM \/ UAM aviation leaders, innovators, and policymakers for networking, business meetings, exhibitions, and insights shaping the electric, sustainable future of air mobility. Story and Image Credit: By Joe Macey AAM International AIRTAXI World Congress 2025 will take place at the Radisson Blu Hotel, London Heathrow, from","og:url":"https:\/\/aamnation.com\/sv\/2025\/09\/10\/discover-the-future-of-aam-electric-aviation-at-airtaxi-world-congress-2025\/","og:image":"https:\/\/aamnation.com\/wp-content\/uploads\/2025\/05\/AAM-Logo-2.png","og:image:secure_url":"https:\/\/aamnation.com\/wp-content\/uploads\/2025\/05\/AAM-Logo-2.png","og:image:width":150,"og:image:height":150,"article:published_time":"2025-09-11T03:18:10+00:00","article:modified_time":"2025-09-11T03:18:10+00:00","twitter:card":"summary_large_image","twitter:title":"Discover the Future of AAM Electric Aviation at AIRTAXI World Congress 2025 - AAM Nation","twitter:description":"AIRTAXI World Congress 2025 will unite global AAM \/ UAM aviation leaders, innovators, and policymakers for networking, business meetings, exhibitions, and insights shaping the electric, sustainable future of air mobility. Story and Image Credit: By Joe Macey AAM International AIRTAXI World Congress 2025 will take place at the Radisson Blu Hotel, London Heathrow, from","twitter:image":"https:\/\/aamnation.com\/wp-content\/uploads\/2025\/05\/AAM-Logo-2.png"},"aioseo_meta_data":{"post_id":"3264","title":null,"description":null,"keywords":null,"keyphrases":null,"primary_term":null,"canonical_url":null,"og_title":null,"og_description":null,"og_object_type":"default","og_image_type":"default","og_image_url":null,"og_image_width":null,"og_image_height":null,"og_image_custom_url":null,"og_image_custom_fields":null,"og_video":null,"og_custom_url":null,"og_article_section":null,"og_article_tags":null,"twitter_use_og":false,"twitter_card":"default","twitter_image_type":"default","twitter_image_url":null,"twitter_image_custom_url":null,"twitter_image_custom_fields":null,"twitter_title":null,"twitter_description":null,"schema":{"blockGraphs":[],"customGraphs":[],"default":{"data":{"Article":[],"Course":[],"Dataset":[],"FAQPage":[],"Movie":[],"Person":[],"Product":[],"ProductReview":[],"Car":[],"Recipe":[],"Service":[],"SoftwareApplication":[],"WebPage":[]},"graphName":"","isEnabled":true},"graphs":[]},"schema_type":"default","schema_type_options":null,"pillar_content":false,"robots_default":true,"robots_noindex":false,"robots_noarchive":false,"robots_nosnippet":false,"robots_nofollow":false,"robots_noimageindex":false,"robots_noodp":false,"robots_notranslate":false,"robots_max_snippet":null,"robots_max_videopreview":null,"robots_max_imagepreview":"large","priority":null,"frequency":null,"local_seo":null,"seo_analyzer_scan_date":"2025-09-13 19:43:10","breadcrumb_settings":null,"limit_modified_date":false,"reviewed_by":null,"open_ai":null,"ai":null,"created":"2025-09-12 02:47:50","updated":"2025-09-13 19:43:10"},"aioseo_breadcrumb":"<div class=\"aioseo-breadcrumbs\"><span class=\"aioseo-breadcrumb\">\n\t<a href=\"https:\/\/aamnation.com\/sv\" title=\"Home\">Home<\/a>\n<\/span><span class=\"aioseo-breadcrumb-separator\">&raquo;<\/span><span class=\"aioseo-breadcrumb\">\n\t<a href=\"https:\/\/aamnation.com\/sv\/category\/aam-uam-expo-show\/\" title=\"AAM &amp; UAM Expo \/ Show\">AAM &amp; UAM Expo \/ Show<\/a>\n<\/span><span class=\"aioseo-breadcrumb-separator\">&raquo;<\/span><span class=\"aioseo-breadcrumb\">\n\tDiscover the Future of AAM Electric Aviation at AIRTAXI World Congress 2025\n<\/span><\/div>","aioseo_breadcrumb_json":[{"label":"Home","link":"https:\/\/aamnation.com\/sv"},{"label":"AAM &amp; UAM Expo \/ Show","link":"https:\/\/aamnation.com\/sv\/category\/aam-uam-expo-show\/"},{"label":"Discover the Future of AAM Electric Aviation at AIRTAXI World Congress 2025","link":"https:\/\/aamnation.com\/sv\/2025\/09\/10\/discover-the-future-of-aam-electric-aviation-at-airtaxi-world-congress-2025\/"}],"jetpack_likes_enabled":true,"jetpack_sharing_enabled":true,"jetpack_shortlink":"https:\/\/wp.me\/pgg37f-QE","jetpack-related-posts":[],"_links":{"self":[{"href":"https:\/\/aamnation.com\/sv\/wp-json\/wp\/v2\/posts\/3264","targetHints":{"allow":["GET"]}}],"collection":[{"href":"https:\/\/aamnation.com\/sv\/wp-json\/wp\/v2\/posts"}],"about":[{"href":"https:\/\/aamnation.com\/sv\/wp-json\/wp\/v2\/types\/post"}],"author":[{"embeddable":true,"href":"https:\/\/aamnation.com\/sv\/wp-json\/wp\/v2\/users\/165558846"}],"replies":[{"embeddable":true,"href":"https:\/\/aamnation.com\/sv\/wp-json\/wp\/v2\/comments?post=3264"}],"version-history":[{"count":2,"href":"https:\/\/aamnation.com\/sv\/wp-json\/wp\/v2\/posts\/3264\/revisions"}],"predecessor-version":[{"id":3267,"href":"https:\/\/aamnation.com\/sv\/wp-json\/wp\/v2\/posts\/3264\/revisions\/3267"}],"wp:featuredmedia":[{"embeddable":true,"href":"https:\/\/aamnation.com\/sv\/wp-json\/wp\/v2\/media\/3266"}],"wp:attachment":[{"href":"https:\/\/aamnation.com\/sv\/wp-json\/wp\/v2\/media?parent=3264"}],"wp:term":[{"taxonomy":"category","embeddable":true,"href":"https:\/\/aamnation.com\/sv\/wp-json\/wp\/v2\/categories?post=3264"},{"taxonomy":"post_tag","embeddable":true,"href":"https:\/\/aamnation.com\/sv\/wp-json\/wp\/v2\/tags?post=3264"}],"curies":[{"name":"wp","href":"https:\/\/api.w.org\/{rel}","templated":true}]}}