{"id":4258,"date":"2026-03-04T20:24:31","date_gmt":"2026-03-05T04:24:31","guid":{"rendered":"https:\/\/aamnation.com\/?p=4258"},"modified":"2026-03-09T20:33:30","modified_gmt":"2026-03-10T03:33:30","slug":"airbus-selected-by-the-european-defense-agency-to-expand-the-capabilities-of-its-capa-x-drone","status":"publish","type":"post","link":"https:\/\/aamnation.com\/pl\/2026\/03\/04\/airbus-selected-by-the-european-defense-agency-to-expand-the-capabilities-of-its-capa-x-drone\/","title":{"rendered":"Airbus wybrany przez Europejsk\u0105 Agencj\u0119 Obrony do rozszerzenia mo\u017cliwo\u015bci swojego drona Capa-X"},"content":{"rendered":"<p>Airbus Helicopters, through its subsidiary Survey Copter, has been selected by the European Defense Agency (EDA) for the Multi Mission Unmanned Aircraft System (M2UAS) project. This strategic contract is part of a series of projects lasting 48 months, with a total budget of approximately \u20ac1.1 million. It involves the study and development of a hybrid uncrewed aircraft capable of performing various operational missions depending on its configuration and payloads.<\/p>\n<p>\u201cWe would like to thank the EDA for the trust it has placed in us. This selection is a major recognition of our expertise in tactical drone systems and reflects our commitment to supporting the development of innovative European defense capabilities,\u201d said Christophe Canguilhem, Director of the Capa-X program at Airbus Helicopters. \u201cThe characteristics of the Capa-X system make it particularly well suited to the M2UAS project, while offering a scalable operational solution that can be adapted to the needs of the armed forces,\u201d he added.<\/p>\n<p>Building on the Capa-X uncrewed aerial system, the M2UAS project aims to strengthen and expand the capabilities of the existing platform. The first phase of the project, lasting 12 months, is devoted to analyzing current and future military operational needs, assessing technological challenges, and identifying associated avenues for development. This work will help guide and optimize the various technological choices, with the aim of enhancing the Capa-X&#8217;s versatility, efficiency, and multi-mission potential.<\/p>\n<p>Ultimately, the M2UAS project will contribute to the definition of new drone architectures capable of performing a wide range of missions, such as surveillance and reconnaissance, electronic warfare, aerial effects deployment, and automated in-flight refueling, thereby strengthening European capabilities in the field of uncrewed aerial systems.<\/p>\n<p>The Capa-X is a 120 kg multi-mission drone offering a data link range of 100 km, 10 hours of endurance, and a payload capacity of up to 20 kg. Its modular design allows it to be easily adapted to the missions, configurations, and regulatory constraints of public decision-makers, armed forces, civil and Para public operators.<\/p>\n<p>... notatki od SP<\/p>\n<p>@AirbusHeli @EUDefenceAgency #CapaX<\/p>\n<p><img data-recalc-dims=\"1\" decoding=\"async\" data-attachment-id=\"3952\" data-permalink=\"https:\/\/aamnation.com\/pl\/2025\/12\/24\/air-unveils-first-production-unit-of-aam-cargo-evtol\/aam-logo-2-2\/\" data-orig-file=\"https:\/\/i0.wp.com\/aamnation.com\/wp-content\/uploads\/2025\/12\/AAM-Logo-2.png?fit=150%2C150&amp;ssl=1\" data-orig-size=\"150,150\" data-comments-opened=\"1\" data-image-meta=\"{&quot;aperture&quot;:&quot;0&quot;,&quot;credit&quot;:&quot;&quot;,&quot;camera&quot;:&quot;&quot;,&quot;caption&quot;:&quot;&quot;,&quot;created_timestamp&quot;:&quot;0&quot;,&quot;copyright&quot;:&quot;&quot;,&quot;focal_length&quot;:&quot;0&quot;,&quot;iso&quot;:&quot;0&quot;,&quot;shutter_speed&quot;:&quot;0&quot;,&quot;title&quot;:&quot;&quot;,&quot;orientation&quot;:&quot;0&quot;}\" data-image-title=\"Advanced Air Mobility Nation AAM Nation Logo\" data-image-description=\"\" data-image-caption=\"\" data-large-file=\"https:\/\/i0.wp.com\/aamnation.com\/wp-content\/uploads\/2025\/12\/AAM-Logo-2.png?fit=150%2C150&amp;ssl=1\" class=\"alignleft size-full wp-image-3952\" src=\"https:\/\/i0.wp.com\/aamnation.com\/wp-content\/uploads\/2025\/12\/AAM-Logo-2.png?resize=150%2C150&#038;ssl=1\" alt=\"\" width=\"150\" height=\"150\" srcset=\"https:\/\/i0.wp.com\/aamnation.com\/wp-content\/uploads\/2025\/12\/AAM-Logo-2.png?w=150&amp;ssl=1 150w, https:\/\/i0.wp.com\/aamnation.com\/wp-content\/uploads\/2025\/12\/AAM-Logo-2.png?resize=12%2C12&amp;ssl=1 12w\" sizes=\"(max-width: 150px) 100vw, 150px\" \/><\/p>","protected":false},"excerpt":{"rendered":"<p>Airbus Helicopters, through its subsidiary Survey Copter, has been selected by the European Defense Agency&#8230;<\/p>","protected":false},"author":165558846,"featured_media":4260,"comment_status":"open","ping_status":"open","sticky":false,"template":"","format":"standard","meta":{"_crdt_document":"","om_disable_all_campaigns":false,"_monsterinsights_skip_tracking":false,"_monsterinsights_sitenote_active":false,"_monsterinsights_sitenote_note":"","_monsterinsights_sitenote_category":0,"_jetpack_newsletter_access":"","_jetpack_dont_email_post_to_subs":false,"_jetpack_newsletter_tier_id":0,"_jetpack_memberships_contains_paywalled_content":false,"_jetpack_memberships_contains_paid_content":false,"footnotes":"","jetpack_publicize_message":"","jetpack_publicize_feature_enabled":true,"jetpack_social_post_already_shared":true,"jetpack_social_options":{"image_generator_settings":{"template":"highway","default_image_id":3941,"font":"","enabled":false},"version":2},"_wpas_customize_per_network":false,"jetpack_post_was_ever_published":false},"categories":[1477],"tags":[1572,1505,1449,1501,1445,1395,1567,1483,1486,1494,1392,1547,1447,1534,1398,1541,1543,1542,1531,1530,1566,1535,1528,1507,1444,1438,1394,1514,1402,1506,1450,1502,1446,1396,1571,1568,1484,1487,1495,1548,1448,1478,1569,1500,1503,1397,1401,1508,1533],"class_list":["post-4258","post","type-post","status-publish","format-standard","has-post-thumbnail","hentry","category-uas-uav-drone-news","tag-aam-firefighting","tag-aam","tag-aam-aerospace","tag-aam-air-taxi","tag-aam-aircraft","tag-aam-evtol","tag-aam-first-responder-uamfr","tag-aam-int-business","tag-aam-logistics","tag-aam-medical","tag-aam-nation","tag-aam-sky-taxi","tag-aam-tech-news","tag-aam-trader","tag-aam-uam-business","tag-aam-uam-career-employment-job-portal","tag-aam-uam-employment","tag-aam-uam-jobs","tag-aamamt","tag-aamelf","tag-aamfr","tag-aamuam-trader","tag-advanced-air-mobility-nation","tag-aviation","tag-battery","tag-etechnology","tag-evtol","tag-flying-car","tag-technology","tag-uam","tag-uam-aerospace","tag-uam-air-taxi","tag-uam-aircraft","tag-uam-evtol","tag-uam-firefighting","tag-uam-first-responder","tag-uam-int-business","tag-uam-logistics","tag-uam-medical","tag-uam-sky-taxi","tag-uam-tech-news","tag-uas","tag-uas-first-responder","tag-uav","tag-uav-logistics","tag-usa-aam","tag-vertical-flight-society","tag-ww-air-taxi","tag-ww-air-taxi-app"],"aioseo_notices":[],"jetpack_publicize_connections":[],"featured_image_urls":{"full":["https:\/\/i0.wp.com\/aamnation.com\/wp-content\/uploads\/2026\/03\/Airbus-selected-by-the-European-Defence-Agency-to-expand-the-capabilities-of-its-Capa-X-drone.png?fit=1098%2C863&ssl=1",1098,863,false],"thumbnail":["https:\/\/i0.wp.com\/aamnation.com\/wp-content\/uploads\/2026\/03\/Airbus-selected-by-the-European-Defence-Agency-to-expand-the-capabilities-of-its-Capa-X-drone.png?resize=150%2C150&ssl=1",150,150,true],"medium":["https:\/\/i0.wp.com\/aamnation.com\/wp-content\/uploads\/2026\/03\/Airbus-selected-by-the-European-Defence-Agency-to-expand-the-capabilities-of-its-Capa-X-drone.png?fit=300%2C236&ssl=1",300,236,true],"medium_large":["https:\/\/i0.wp.com\/aamnation.com\/wp-content\/uploads\/2026\/03\/Airbus-selected-by-the-European-Defence-Agency-to-expand-the-capabilities-of-its-Capa-X-drone.png?fit=640%2C503&ssl=1",640,503,true],"large":["https:\/\/i0.wp.com\/aamnation.com\/wp-content\/uploads\/2026\/03\/Airbus-selected-by-the-European-Defence-Agency-to-expand-the-capabilities-of-its-Capa-X-drone.png?fit=640%2C503&ssl=1",640,503,true],"1536x1536":["https:\/\/i0.wp.com\/aamnation.com\/wp-content\/uploads\/2026\/03\/Airbus-selected-by-the-European-Defence-Agency-to-expand-the-capabilities-of-its-Capa-X-drone.png?fit=1098%2C863&ssl=1",1098,863,true],"2048x2048":["https:\/\/i0.wp.com\/aamnation.com\/wp-content\/uploads\/2026\/03\/Airbus-selected-by-the-European-Defence-Agency-to-expand-the-capabilities-of-its-Capa-X-drone.png?fit=1098%2C863&ssl=1",1098,863,true],"trp-custom-language-flag":["https:\/\/i0.wp.com\/aamnation.com\/wp-content\/uploads\/2026\/03\/Airbus-selected-by-the-European-Defence-Agency-to-expand-the-capabilities-of-its-Capa-X-drone.png?fit=15%2C12&ssl=1",15,12,true],"newspack-article-block-landscape-large":["https:\/\/i0.wp.com\/aamnation.com\/wp-content\/uploads\/2026\/03\/Airbus-selected-by-the-European-Defence-Agency-to-expand-the-capabilities-of-its-Capa-X-drone.png?resize=1098%2C863&ssl=1",1098,863,true],"newspack-article-block-portrait-large":["https:\/\/i0.wp.com\/aamnation.com\/wp-content\/uploads\/2026\/03\/Airbus-selected-by-the-European-Defence-Agency-to-expand-the-capabilities-of-its-Capa-X-drone.png?resize=900%2C863&ssl=1",900,863,true],"newspack-article-block-square-large":["https:\/\/i0.wp.com\/aamnation.com\/wp-content\/uploads\/2026\/03\/Airbus-selected-by-the-European-Defence-Agency-to-expand-the-capabilities-of-its-Capa-X-drone.png?resize=1098%2C863&ssl=1",1098,863,true],"newspack-article-block-landscape-medium":["https:\/\/i0.wp.com\/aamnation.com\/wp-content\/uploads\/2026\/03\/Airbus-selected-by-the-European-Defence-Agency-to-expand-the-capabilities-of-its-Capa-X-drone.png?resize=800%2C600&ssl=1",800,600,true],"newspack-article-block-portrait-medium":["https:\/\/i0.wp.com\/aamnation.com\/wp-content\/uploads\/2026\/03\/Airbus-selected-by-the-European-Defence-Agency-to-expand-the-capabilities-of-its-Capa-X-drone.png?resize=600%2C800&ssl=1",600,800,true],"newspack-article-block-square-medium":["https:\/\/i0.wp.com\/aamnation.com\/wp-content\/uploads\/2026\/03\/Airbus-selected-by-the-European-Defence-Agency-to-expand-the-capabilities-of-its-Capa-X-drone.png?resize=800%2C800&ssl=1",800,800,true],"newspack-article-block-landscape-intermediate":["https:\/\/i0.wp.com\/aamnation.com\/wp-content\/uploads\/2026\/03\/Airbus-selected-by-the-European-Defence-Agency-to-expand-the-capabilities-of-its-Capa-X-drone.png?resize=600%2C450&ssl=1",600,450,true],"newspack-article-block-portrait-intermediate":["https:\/\/i0.wp.com\/aamnation.com\/wp-content\/uploads\/2026\/03\/Airbus-selected-by-the-European-Defence-Agency-to-expand-the-capabilities-of-its-Capa-X-drone.png?resize=450%2C600&ssl=1",450,600,true],"newspack-article-block-square-intermediate":["https:\/\/i0.wp.com\/aamnation.com\/wp-content\/uploads\/2026\/03\/Airbus-selected-by-the-European-Defence-Agency-to-expand-the-capabilities-of-its-Capa-X-drone.png?resize=600%2C600&ssl=1",600,600,true],"newspack-article-block-landscape-small":["https:\/\/i0.wp.com\/aamnation.com\/wp-content\/uploads\/2026\/03\/Airbus-selected-by-the-European-Defence-Agency-to-expand-the-capabilities-of-its-Capa-X-drone.png?resize=400%2C300&ssl=1",400,300,true],"newspack-article-block-portrait-small":["https:\/\/i0.wp.com\/aamnation.com\/wp-content\/uploads\/2026\/03\/Airbus-selected-by-the-European-Defence-Agency-to-expand-the-capabilities-of-its-Capa-X-drone.png?resize=300%2C400&ssl=1",300,400,true],"newspack-article-block-square-small":["https:\/\/i0.wp.com\/aamnation.com\/wp-content\/uploads\/2026\/03\/Airbus-selected-by-the-European-Defence-Agency-to-expand-the-capabilities-of-its-Capa-X-drone.png?resize=400%2C400&ssl=1",400,400,true],"newspack-article-block-landscape-tiny":["https:\/\/i0.wp.com\/aamnation.com\/wp-content\/uploads\/2026\/03\/Airbus-selected-by-the-European-Defence-Agency-to-expand-the-capabilities-of-its-Capa-X-drone.png?resize=200%2C150&ssl=1",200,150,true],"newspack-article-block-portrait-tiny":["https:\/\/i0.wp.com\/aamnation.com\/wp-content\/uploads\/2026\/03\/Airbus-selected-by-the-European-Defence-Agency-to-expand-the-capabilities-of-its-Capa-X-drone.png?resize=150%2C200&ssl=1",150,200,true],"newspack-article-block-square-tiny":["https:\/\/i0.wp.com\/aamnation.com\/wp-content\/uploads\/2026\/03\/Airbus-selected-by-the-European-Defence-Agency-to-expand-the-capabilities-of-its-Capa-X-drone.png?resize=200%2C200&ssl=1",200,200,true],"newspack-article-block-uncropped":["https:\/\/i0.wp.com\/aamnation.com\/wp-content\/uploads\/2026\/03\/Airbus-selected-by-the-European-Defence-Agency-to-expand-the-capabilities-of-its-Capa-X-drone.png?fit=1098%2C863&ssl=1",1098,863,true],"newsever-slider-full":["https:\/\/i0.wp.com\/aamnation.com\/wp-content\/uploads\/2026\/03\/Airbus-selected-by-the-European-Defence-Agency-to-expand-the-capabilities-of-its-Capa-X-drone.png?resize=1098%2C845&ssl=1",1098,845,true],"newsever-featured":["https:\/\/i0.wp.com\/aamnation.com\/wp-content\/uploads\/2026\/03\/Airbus-selected-by-the-European-Defence-Agency-to-expand-the-capabilities-of-its-Capa-X-drone.png?fit=1024%2C805&ssl=1",1024,805,true],"newsever-medium":["https:\/\/i0.wp.com\/aamnation.com\/wp-content\/uploads\/2026\/03\/Airbus-selected-by-the-European-Defence-Agency-to-expand-the-capabilities-of-its-Capa-X-drone.png?resize=720%2C475&ssl=1",720,475,true]},"author_info":{"display_name":"EVHNews","author_link":"https:\/\/aamnation.com\/pl\/author\/evhnews\/"},"category_info":"<a href=\"https:\/\/aamnation.com\/pl\/category\/uas-uav-drone-news\/\" rel=\"category tag\">UAS &amp; UAV Drone News<\/a>","tag_info":"UAS &amp; UAV Drone News","comment_count":"0","jetpack_featured_media_url":"https:\/\/i0.wp.com\/aamnation.com\/wp-content\/uploads\/2026\/03\/Airbus-selected-by-the-European-Defence-Agency-to-expand-the-capabilities-of-its-Capa-X-drone.png?fit=1098%2C863&ssl=1","aioseo_head":"\n\t\t<!-- All in One SEO Pro 4.9.6.2 - aioseo.com -->\n\t<meta name=\"description\" content=\"Airbus Helicopters, through its subsidiary Survey Copter, has been selected by the European Defense Agency (EDA) for the Multi Mission Unmanned Aircraft System (M2UAS) project. This strategic contract is part of a series of projects lasting 48 months, with a total budget of approximately \u20ac1.1 million. It involves the study and development of a hybrid\" \/>\n\t<meta name=\"robots\" content=\"max-image-preview:large\" \/>\n\t<meta name=\"author\" content=\"EVHNews\"\/>\n\t<meta name=\"google-site-verification\" content=\"VhfKKFpAUd5BDOqNdL0E7pN1M5DYDEoFZZAnvKiTddM\" \/>\n\t<link rel=\"canonical\" href=\"https:\/\/aamnation.com\/pl\/2026\/03\/04\/airbus-selected-by-the-european-defense-agency-to-expand-the-capabilities-of-its-capa-x-drone\/\" \/>\n\t<meta name=\"generator\" content=\"All in One SEO Pro (AIOSEO) 4.9.6.2\" \/>\n\t\t<meta property=\"og:locale\" content=\"pl_PL\" \/>\n\t\t<meta property=\"og:site_name\" content=\"AAM Nation - Is Elevating The Worldwide AAM \/ UAM \/ UAS \/ UAV \/ Air Taxi eVTOL and Flying Car Industry Into The Future!\" \/>\n\t\t<meta property=\"og:type\" content=\"article\" \/>\n\t\t<meta property=\"og:title\" content=\"Airbus Selected By The European Defense Agency To Expand The Capabilities Of Its Capa-X Drone - AAM Nation\" \/>\n\t\t<meta property=\"og:description\" content=\"Airbus Helicopters, through its subsidiary Survey Copter, has been selected by the European Defense Agency (EDA) for the Multi Mission Unmanned Aircraft System (M2UAS) project. This strategic contract is part of a series of projects lasting 48 months, with a total budget of approximately \u20ac1.1 million. It involves the study and development of a hybrid\" \/>\n\t\t<meta property=\"og:url\" content=\"https:\/\/aamnation.com\/pl\/2026\/03\/04\/airbus-selected-by-the-european-defense-agency-to-expand-the-capabilities-of-its-capa-x-drone\/\" \/>\n\t\t<meta property=\"og:image\" content=\"https:\/\/aamnation.com\/wp-content\/uploads\/2025\/05\/AAM-Logo-2.png\" \/>\n\t\t<meta property=\"og:image:secure_url\" content=\"https:\/\/aamnation.com\/wp-content\/uploads\/2025\/05\/AAM-Logo-2.png\" \/>\n\t\t<meta property=\"og:image:width\" content=\"150\" \/>\n\t\t<meta property=\"og:image:height\" content=\"150\" \/>\n\t\t<meta property=\"article:published_time\" content=\"2026-03-05T04:24:31+00:00\" \/>\n\t\t<meta property=\"article:modified_time\" content=\"2026-03-10T03:33:30+00:00\" \/>\n\t\t<meta name=\"twitter:card\" content=\"summary_large_image\" \/>\n\t\t<meta name=\"twitter:title\" content=\"Airbus Selected By The European Defense Agency To Expand The Capabilities Of Its Capa-X Drone - AAM Nation\" \/>\n\t\t<meta name=\"twitter:description\" content=\"Airbus Helicopters, through its subsidiary Survey Copter, has been selected by the European Defense Agency (EDA) for the Multi Mission Unmanned Aircraft System (M2UAS) project. This strategic contract is part of a series of projects lasting 48 months, with a total budget of approximately \u20ac1.1 million. It involves the study and development of a hybrid\" \/>\n\t\t<meta name=\"twitter:image\" content=\"https:\/\/aamnation.com\/wp-content\/uploads\/2025\/05\/AAM-Logo-2.png\" \/>\n\t\t<script type=\"application\/ld+json\" class=\"aioseo-schema\">\n\t\t\t{\"@context\":\"https:\\\/\\\/schema.org\",\"@graph\":[{\"@type\":\"BlogPosting\",\"@id\":\"https:\\\/\\\/aamnation.com\\\/pl\\\/2026\\\/03\\\/04\\\/airbus-selected-by-the-european-defense-agency-to-expand-the-capabilities-of-its-capa-x-drone\\\/#blogposting\",\"name\":\"Airbus Selected By The European Defense Agency To Expand The Capabilities Of Its Capa-X Drone - AAM Nation\",\"headline\":\"Airbus Selected By The European Defense Agency To Expand The Capabilities Of Its Capa-X Drone\",\"author\":{\"@id\":\"https:\\\/\\\/aamnation.com\\\/pl\\\/author\\\/evhnews\\\/#author\"},\"publisher\":{\"@id\":\"https:\\\/\\\/aamnation.com\\\/pl\\\/#organization\"},\"image\":{\"@type\":\"ImageObject\",\"url\":\"https:\\\/\\\/i0.wp.com\\\/aamnation.com\\\/wp-content\\\/uploads\\\/2026\\\/03\\\/Airbus-selected-by-the-European-Defence-Agency-to-expand-the-capabilities-of-its-Capa-X-drone.png?fit=1098%2C863&ssl=1\",\"width\":1098,\"height\":863},\"datePublished\":\"2026-03-04T20:24:31-08:00\",\"dateModified\":\"2026-03-09T20:33:30-07:00\",\"inLanguage\":\"pl-PL\",\"mainEntityOfPage\":{\"@id\":\"https:\\\/\\\/aamnation.com\\\/pl\\\/2026\\\/03\\\/04\\\/airbus-selected-by-the-european-defense-agency-to-expand-the-capabilities-of-its-capa-x-drone\\\/#webpage\"},\"isPartOf\":{\"@id\":\"https:\\\/\\\/aamnation.com\\\/pl\\\/2026\\\/03\\\/04\\\/airbus-selected-by-the-european-defense-agency-to-expand-the-capabilities-of-its-capa-x-drone\\\/#webpage\"},\"articleSection\":\"UAS &amp; UAV Drone News, # AAM Firefighting, #AAM, #AAM Aerospace, #AAM Air Taxi, #AAM Aircraft, #AAM eVTOL, #AAM First Responder #UAMFR, #AAM Int. Business, #AAM Logistics, #AAM Medical, #AAM Nation, #AAM Sky Taxi, #AAM Tech News, #AAM Trader, #AAM UAM Business, #AAM UAM Career Employment Job Portal, #AAM UAM Employment, #AAM UAM Jobs, #AAMAMT, #AAMELF, #AAMFR, #AAMUAM Trader, #Advanced Air Mobility Nation, #aviation, #Battery, #eTechnology, #eVTOL, #Flying Car, #Technology, #UAM, #UAM Aerospace, #UAM Air Taxi, #UAM Aircraft, #UAM eVTOL, #UAM Firefighting, #UAM First Responder, #UAM Int. Business, #UAM Logistics, #UAM Medical, #UAM Sky Taxi, #UAM Tech News, #UAS, #UAS First Responder, #UAV, #UAV Logistics, #USA AAM, #Vertical Flight Society, #WW Air Taxi, #WW Air Taxi app\"},{\"@type\":\"BreadcrumbList\",\"@id\":\"https:\\\/\\\/aamnation.com\\\/pl\\\/2026\\\/03\\\/04\\\/airbus-selected-by-the-european-defense-agency-to-expand-the-capabilities-of-its-capa-x-drone\\\/#breadcrumblist\",\"itemListElement\":[{\"@type\":\"ListItem\",\"@id\":\"https:\\\/\\\/aamnation.com\\\/pl#listItem\",\"position\":1,\"name\":\"Home\",\"item\":\"https:\\\/\\\/aamnation.com\\\/pl\",\"nextItem\":{\"@type\":\"ListItem\",\"@id\":\"https:\\\/\\\/aamnation.com\\\/pl\\\/category\\\/uas-uav-drone-news\\\/#listItem\",\"name\":\"UAS &amp; UAV Drone News\"}},{\"@type\":\"ListItem\",\"@id\":\"https:\\\/\\\/aamnation.com\\\/pl\\\/category\\\/uas-uav-drone-news\\\/#listItem\",\"position\":2,\"name\":\"UAS &amp; UAV Drone News\",\"item\":\"https:\\\/\\\/aamnation.com\\\/pl\\\/category\\\/uas-uav-drone-news\\\/\",\"nextItem\":{\"@type\":\"ListItem\",\"@id\":\"https:\\\/\\\/aamnation.com\\\/pl\\\/2026\\\/03\\\/04\\\/airbus-selected-by-the-european-defense-agency-to-expand-the-capabilities-of-its-capa-x-drone\\\/#listItem\",\"name\":\"Airbus Selected By The European Defense Agency To Expand The Capabilities Of Its Capa-X Drone\"},\"previousItem\":{\"@type\":\"ListItem\",\"@id\":\"https:\\\/\\\/aamnation.com\\\/pl#listItem\",\"name\":\"Home\"}},{\"@type\":\"ListItem\",\"@id\":\"https:\\\/\\\/aamnation.com\\\/pl\\\/2026\\\/03\\\/04\\\/airbus-selected-by-the-european-defense-agency-to-expand-the-capabilities-of-its-capa-x-drone\\\/#listItem\",\"position\":3,\"name\":\"Airbus Selected By The European Defense Agency To Expand The Capabilities Of Its Capa-X Drone\",\"previousItem\":{\"@type\":\"ListItem\",\"@id\":\"https:\\\/\\\/aamnation.com\\\/pl\\\/category\\\/uas-uav-drone-news\\\/#listItem\",\"name\":\"UAS &amp; UAV Drone News\"}}]},{\"@type\":\"Organization\",\"@id\":\"https:\\\/\\\/aamnation.com\\\/pl\\\/#organization\",\"name\":\"AAM Nation AAM Nation\",\"description\":\"Is Elevating The Worldwide AAM \\\/ UAM \\\/ UAS \\\/ UAV \\\/ Air Taxi eVTOL and Flying Car Industry Into The Future! Elevating The Worldwide AAM \\\/ UAM \\\/ UAS \\\/ UAV Air Taxi eVTOL and Flying Car Industry Into The Future!\",\"url\":\"https:\\\/\\\/aamnation.com\\\/pl\\\/\",\"email\":\"contact@aamnation.com\",\"telephone\":\"+19492268880\",\"logo\":{\"@type\":\"ImageObject\",\"url\":\"https:\\\/\\\/i0.wp.com\\\/aamnation.com\\\/wp-content\\\/uploads\\\/2025\\\/05\\\/AAM-Logo-2.png?fit=150%2C150&ssl=1\",\"@id\":\"https:\\\/\\\/aamnation.com\\\/pl\\\/2026\\\/03\\\/04\\\/airbus-selected-by-the-european-defense-agency-to-expand-the-capabilities-of-its-capa-x-drone\\\/#organizationLogo\",\"width\":150,\"height\":150},\"image\":{\"@id\":\"https:\\\/\\\/aamnation.com\\\/pl\\\/2026\\\/03\\\/04\\\/airbus-selected-by-the-european-defense-agency-to-expand-the-capabilities-of-its-capa-x-drone\\\/#organizationLogo\"}},{\"@type\":\"Person\",\"@id\":\"https:\\\/\\\/aamnation.com\\\/pl\\\/author\\\/evhnews\\\/#author\",\"url\":\"https:\\\/\\\/aamnation.com\\\/pl\\\/author\\\/evhnews\\\/\",\"name\":\"EVHNews\",\"image\":{\"@type\":\"ImageObject\",\"url\":\"https:\\\/\\\/secure.gravatar.com\\\/avatar\\\/6aaa381193748eb0a0f3bfcddc76d9a039b8dbbdb1c0a8260da8c44e6e31285a?s=96&d=identicon&r=g\"}},{\"@type\":\"WebPage\",\"@id\":\"https:\\\/\\\/aamnation.com\\\/pl\\\/2026\\\/03\\\/04\\\/airbus-selected-by-the-european-defense-agency-to-expand-the-capabilities-of-its-capa-x-drone\\\/#webpage\",\"url\":\"https:\\\/\\\/aamnation.com\\\/pl\\\/2026\\\/03\\\/04\\\/airbus-selected-by-the-european-defense-agency-to-expand-the-capabilities-of-its-capa-x-drone\\\/\",\"name\":\"Airbus Selected By The European Defense Agency To Expand The Capabilities Of Its Capa-X Drone - AAM Nation\",\"description\":\"Airbus Helicopters, through its subsidiary Survey Copter, has been selected by the European Defense Agency (EDA) for the Multi Mission Unmanned Aircraft System (M2UAS) project. This strategic contract is part of a series of projects lasting 48 months, with a total budget of approximately \\u20ac1.1 million. It involves the study and development of a hybrid\",\"inLanguage\":\"pl-PL\",\"isPartOf\":{\"@id\":\"https:\\\/\\\/aamnation.com\\\/pl\\\/#website\"},\"breadcrumb\":{\"@id\":\"https:\\\/\\\/aamnation.com\\\/pl\\\/2026\\\/03\\\/04\\\/airbus-selected-by-the-european-defense-agency-to-expand-the-capabilities-of-its-capa-x-drone\\\/#breadcrumblist\"},\"author\":{\"@id\":\"https:\\\/\\\/aamnation.com\\\/pl\\\/author\\\/evhnews\\\/#author\"},\"creator\":{\"@id\":\"https:\\\/\\\/aamnation.com\\\/pl\\\/author\\\/evhnews\\\/#author\"},\"image\":{\"@type\":\"ImageObject\",\"url\":\"https:\\\/\\\/i0.wp.com\\\/aamnation.com\\\/wp-content\\\/uploads\\\/2026\\\/03\\\/Airbus-selected-by-the-European-Defence-Agency-to-expand-the-capabilities-of-its-Capa-X-drone.png?fit=1098%2C863&ssl=1\",\"@id\":\"https:\\\/\\\/aamnation.com\\\/pl\\\/2026\\\/03\\\/04\\\/airbus-selected-by-the-european-defense-agency-to-expand-the-capabilities-of-its-capa-x-drone\\\/#mainImage\",\"width\":1098,\"height\":863},\"primaryImageOfPage\":{\"@id\":\"https:\\\/\\\/aamnation.com\\\/pl\\\/2026\\\/03\\\/04\\\/airbus-selected-by-the-european-defense-agency-to-expand-the-capabilities-of-its-capa-x-drone\\\/#mainImage\"},\"datePublished\":\"2026-03-04T20:24:31-08:00\",\"dateModified\":\"2026-03-09T20:33:30-07:00\"},{\"@type\":\"WebSite\",\"@id\":\"https:\\\/\\\/aamnation.com\\\/pl\\\/#website\",\"url\":\"https:\\\/\\\/aamnation.com\\\/pl\\\/\",\"name\":\"AAM Nation\",\"description\":\"Is Elevating The Worldwide AAM \\\/ UAM \\\/ UAS \\\/ UAV \\\/ Air Taxi eVTOL and Flying Car Industry Into The Future!\",\"inLanguage\":\"pl-PL\",\"publisher\":{\"@id\":\"https:\\\/\\\/aamnation.com\\\/pl\\\/#organization\"}}]}\n\t\t<\/script>\n\t\t<!-- All in One SEO Pro -->\r\n\t\t<title>Airbus Selected By The European Defense Agency To Expand The Capabilities Of Its Capa-X Drone - AAM Nation<\/title>\n\n","aioseo_head_json":{"title":"Airbus Selected By The European Defense Agency To Expand The Capabilities Of Its Capa-X Drone - AAM Nation","description":"Airbus Helicopters, through its subsidiary Survey Copter, has been selected by the European Defense Agency (EDA) for the Multi Mission Unmanned Aircraft System (M2UAS) project. This strategic contract is part of a series of projects lasting 48 months, with a total budget of approximately \u20ac1.1 million. It involves the study and development of a hybrid","canonical_url":"https:\/\/aamnation.com\/pl\/2026\/03\/04\/airbus-selected-by-the-european-defense-agency-to-expand-the-capabilities-of-its-capa-x-drone\/","robots":"max-image-preview:large","keywords":"","webmasterTools":{"google-site-verification":"VhfKKFpAUd5BDOqNdL0E7pN1M5DYDEoFZZAnvKiTddM","miscellaneous":""},"schema":{"@context":"https:\/\/schema.org","@graph":[{"@type":"BlogPosting","@id":"https:\/\/aamnation.com\/pl\/2026\/03\/04\/airbus-selected-by-the-european-defense-agency-to-expand-the-capabilities-of-its-capa-x-drone\/#blogposting","name":"Airbus Selected By The European Defense Agency To Expand The Capabilities Of Its Capa-X Drone - AAM Nation","headline":"Airbus Selected By The European Defense Agency To Expand The Capabilities Of Its Capa-X Drone","author":{"@id":"https:\/\/aamnation.com\/pl\/author\/evhnews\/#author"},"publisher":{"@id":"https:\/\/aamnation.com\/pl\/#organization"},"image":{"@type":"ImageObject","url":"https:\/\/i0.wp.com\/aamnation.com\/wp-content\/uploads\/2026\/03\/Airbus-selected-by-the-European-Defence-Agency-to-expand-the-capabilities-of-its-Capa-X-drone.png?fit=1098%2C863&ssl=1","width":1098,"height":863},"datePublished":"2026-03-04T20:24:31-08:00","dateModified":"2026-03-09T20:33:30-07:00","inLanguage":"pl-PL","mainEntityOfPage":{"@id":"https:\/\/aamnation.com\/pl\/2026\/03\/04\/airbus-selected-by-the-european-defense-agency-to-expand-the-capabilities-of-its-capa-x-drone\/#webpage"},"isPartOf":{"@id":"https:\/\/aamnation.com\/pl\/2026\/03\/04\/airbus-selected-by-the-european-defense-agency-to-expand-the-capabilities-of-its-capa-x-drone\/#webpage"},"articleSection":"UAS &amp; UAV Drone News, # AAM Firefighting, #AAM, #AAM Aerospace, #AAM Air Taxi, #AAM Aircraft, #AAM eVTOL, #AAM First Responder #UAMFR, #AAM Int. Business, #AAM Logistics, #AAM Medical, #AAM Nation, #AAM Sky Taxi, #AAM Tech News, #AAM Trader, #AAM UAM Business, #AAM UAM Career Employment Job Portal, #AAM UAM Employment, #AAM UAM Jobs, #AAMAMT, #AAMELF, #AAMFR, #AAMUAM Trader, #Advanced Air Mobility Nation, #aviation, #Battery, #eTechnology, #eVTOL, #Flying Car, #Technology, #UAM, #UAM Aerospace, #UAM Air Taxi, #UAM Aircraft, #UAM eVTOL, #UAM Firefighting, #UAM First Responder, #UAM Int. Business, #UAM Logistics, #UAM Medical, #UAM Sky Taxi, #UAM Tech News, #UAS, #UAS First Responder, #UAV, #UAV Logistics, #USA AAM, #Vertical Flight Society, #WW Air Taxi, #WW Air Taxi app"},{"@type":"BreadcrumbList","@id":"https:\/\/aamnation.com\/pl\/2026\/03\/04\/airbus-selected-by-the-european-defense-agency-to-expand-the-capabilities-of-its-capa-x-drone\/#breadcrumblist","itemListElement":[{"@type":"ListItem","@id":"https:\/\/aamnation.com\/pl#listItem","position":1,"name":"Home","item":"https:\/\/aamnation.com\/pl","nextItem":{"@type":"ListItem","@id":"https:\/\/aamnation.com\/pl\/category\/uas-uav-drone-news\/#listItem","name":"UAS &amp; UAV Drone News"}},{"@type":"ListItem","@id":"https:\/\/aamnation.com\/pl\/category\/uas-uav-drone-news\/#listItem","position":2,"name":"UAS &amp; UAV Drone News","item":"https:\/\/aamnation.com\/pl\/category\/uas-uav-drone-news\/","nextItem":{"@type":"ListItem","@id":"https:\/\/aamnation.com\/pl\/2026\/03\/04\/airbus-selected-by-the-european-defense-agency-to-expand-the-capabilities-of-its-capa-x-drone\/#listItem","name":"Airbus Selected By The European Defense Agency To Expand The Capabilities Of Its Capa-X Drone"},"previousItem":{"@type":"ListItem","@id":"https:\/\/aamnation.com\/pl#listItem","name":"Home"}},{"@type":"ListItem","@id":"https:\/\/aamnation.com\/pl\/2026\/03\/04\/airbus-selected-by-the-european-defense-agency-to-expand-the-capabilities-of-its-capa-x-drone\/#listItem","position":3,"name":"Airbus Selected By The European Defense Agency To Expand The Capabilities Of Its Capa-X Drone","previousItem":{"@type":"ListItem","@id":"https:\/\/aamnation.com\/pl\/category\/uas-uav-drone-news\/#listItem","name":"UAS &amp; UAV Drone News"}}]},{"@type":"Organization","@id":"https:\/\/aamnation.com\/pl\/#organization","name":"AAM Nation AAM Nation","description":"Is Elevating The Worldwide AAM \/ UAM \/ UAS \/ UAV \/ Air Taxi eVTOL and Flying Car Industry Into The Future! Elevating The Worldwide AAM \/ UAM \/ UAS \/ UAV Air Taxi eVTOL and Flying Car Industry Into The Future!","url":"https:\/\/aamnation.com\/pl\/","email":"contact@aamnation.com","telephone":"+19492268880","logo":{"@type":"ImageObject","url":"https:\/\/i0.wp.com\/aamnation.com\/wp-content\/uploads\/2025\/05\/AAM-Logo-2.png?fit=150%2C150&ssl=1","@id":"https:\/\/aamnation.com\/pl\/2026\/03\/04\/airbus-selected-by-the-european-defense-agency-to-expand-the-capabilities-of-its-capa-x-drone\/#organizationLogo","width":150,"height":150},"image":{"@id":"https:\/\/aamnation.com\/pl\/2026\/03\/04\/airbus-selected-by-the-european-defense-agency-to-expand-the-capabilities-of-its-capa-x-drone\/#organizationLogo"}},{"@type":"Person","@id":"https:\/\/aamnation.com\/pl\/author\/evhnews\/#author","url":"https:\/\/aamnation.com\/pl\/author\/evhnews\/","name":"EVHNews","image":{"@type":"ImageObject","url":"https:\/\/secure.gravatar.com\/avatar\/6aaa381193748eb0a0f3bfcddc76d9a039b8dbbdb1c0a8260da8c44e6e31285a?s=96&d=identicon&r=g"}},{"@type":"WebPage","@id":"https:\/\/aamnation.com\/pl\/2026\/03\/04\/airbus-selected-by-the-european-defense-agency-to-expand-the-capabilities-of-its-capa-x-drone\/#webpage","url":"https:\/\/aamnation.com\/pl\/2026\/03\/04\/airbus-selected-by-the-european-defense-agency-to-expand-the-capabilities-of-its-capa-x-drone\/","name":"Airbus Selected By The European Defense Agency To Expand The Capabilities Of Its Capa-X Drone - AAM Nation","description":"Airbus Helicopters, through its subsidiary Survey Copter, has been selected by the European Defense Agency (EDA) for the Multi Mission Unmanned Aircraft System (M2UAS) project. This strategic contract is part of a series of projects lasting 48 months, with a total budget of approximately \u20ac1.1 million. It involves the study and development of a hybrid","inLanguage":"pl-PL","isPartOf":{"@id":"https:\/\/aamnation.com\/pl\/#website"},"breadcrumb":{"@id":"https:\/\/aamnation.com\/pl\/2026\/03\/04\/airbus-selected-by-the-european-defense-agency-to-expand-the-capabilities-of-its-capa-x-drone\/#breadcrumblist"},"author":{"@id":"https:\/\/aamnation.com\/pl\/author\/evhnews\/#author"},"creator":{"@id":"https:\/\/aamnation.com\/pl\/author\/evhnews\/#author"},"image":{"@type":"ImageObject","url":"https:\/\/i0.wp.com\/aamnation.com\/wp-content\/uploads\/2026\/03\/Airbus-selected-by-the-European-Defence-Agency-to-expand-the-capabilities-of-its-Capa-X-drone.png?fit=1098%2C863&ssl=1","@id":"https:\/\/aamnation.com\/pl\/2026\/03\/04\/airbus-selected-by-the-european-defense-agency-to-expand-the-capabilities-of-its-capa-x-drone\/#mainImage","width":1098,"height":863},"primaryImageOfPage":{"@id":"https:\/\/aamnation.com\/pl\/2026\/03\/04\/airbus-selected-by-the-european-defense-agency-to-expand-the-capabilities-of-its-capa-x-drone\/#mainImage"},"datePublished":"2026-03-04T20:24:31-08:00","dateModified":"2026-03-09T20:33:30-07:00"},{"@type":"WebSite","@id":"https:\/\/aamnation.com\/pl\/#website","url":"https:\/\/aamnation.com\/pl\/","name":"AAM Nation","description":"Is Elevating The Worldwide AAM \/ UAM \/ UAS \/ UAV \/ Air Taxi eVTOL and Flying Car Industry Into The Future!","inLanguage":"pl-PL","publisher":{"@id":"https:\/\/aamnation.com\/pl\/#organization"}}]},"og:locale":"pl_PL","og:site_name":"AAM Nation - Is Elevating The Worldwide AAM \/ UAM \/ UAS \/ UAV \/ Air Taxi eVTOL and Flying Car Industry Into The Future!","og:type":"article","og:title":"Airbus Selected By The European Defense Agency To Expand The Capabilities Of Its Capa-X Drone - AAM Nation","og:description":"Airbus Helicopters, through its subsidiary Survey Copter, has been selected by the European Defense Agency (EDA) for the Multi Mission Unmanned Aircraft System (M2UAS) project. This strategic contract is part of a series of projects lasting 48 months, with a total budget of approximately \u20ac1.1 million. It involves the study and development of a hybrid","og:url":"https:\/\/aamnation.com\/pl\/2026\/03\/04\/airbus-selected-by-the-european-defense-agency-to-expand-the-capabilities-of-its-capa-x-drone\/","og:image":"https:\/\/aamnation.com\/wp-content\/uploads\/2025\/05\/AAM-Logo-2.png","og:image:secure_url":"https:\/\/aamnation.com\/wp-content\/uploads\/2025\/05\/AAM-Logo-2.png","og:image:width":150,"og:image:height":150,"article:published_time":"2026-03-05T04:24:31+00:00","article:modified_time":"2026-03-10T03:33:30+00:00","twitter:card":"summary_large_image","twitter:title":"Airbus Selected By The European Defense Agency To Expand The Capabilities Of Its Capa-X Drone - AAM Nation","twitter:description":"Airbus Helicopters, through its subsidiary Survey Copter, has been selected by the European Defense Agency (EDA) for the Multi Mission Unmanned Aircraft System (M2UAS) project. This strategic contract is part of a series of projects lasting 48 months, with a total budget of approximately \u20ac1.1 million. It involves the study and development of a hybrid","twitter:image":"https:\/\/aamnation.com\/wp-content\/uploads\/2025\/05\/AAM-Logo-2.png"},"aioseo_meta_data":{"post_id":"4258","title":null,"description":null,"keywords":null,"keyphrases":{"focus":{"keyphrase":"","score":0,"analysis":{"keyphraseInTitle":{"score":0,"maxScore":9,"error":1}}},"additional":[]},"primary_term":null,"canonical_url":null,"og_title":null,"og_description":null,"og_object_type":"default","og_image_type":"default","og_image_url":null,"og_image_width":null,"og_image_height":null,"og_image_custom_url":null,"og_image_custom_fields":null,"og_video":"","og_custom_url":null,"og_article_section":null,"og_article_tags":null,"twitter_use_og":false,"twitter_card":"default","twitter_image_type":"default","twitter_image_url":null,"twitter_image_custom_url":null,"twitter_image_custom_fields":null,"twitter_title":null,"twitter_description":null,"schema":{"blockGraphs":[],"customGraphs":[],"default":{"data":{"Article":[],"Course":[],"Dataset":[],"FAQPage":[],"Movie":[],"Person":[],"Product":[],"ProductReview":[],"Car":[],"Recipe":[],"Service":[],"SoftwareApplication":[],"WebPage":[]},"graphName":"BlogPosting","isEnabled":true},"graphs":[]},"schema_type":"default","schema_type_options":null,"pillar_content":false,"robots_default":true,"robots_noindex":false,"robots_noarchive":false,"robots_nosnippet":false,"robots_nofollow":false,"robots_noimageindex":false,"robots_noodp":false,"robots_notranslate":false,"robots_max_snippet":"-1","robots_max_videopreview":"-1","robots_max_imagepreview":"large","priority":null,"frequency":"default","local_seo":null,"seo_analyzer_scan_date":"2026-03-10 04:30:12","breadcrumb_settings":null,"limit_modified_date":false,"reviewed_by":"0","open_ai":null,"ai":{"faqs":[],"keyPoints":[],"titles":[],"descriptions":[],"socialPosts":{"email":[],"linkedin":[],"twitter":[],"facebook":[],"instagram":[]}},"created":"2026-03-10 03:24:31","updated":"2026-03-10 04:30:12"},"aioseo_breadcrumb":"<div class=\"aioseo-breadcrumbs\"><span class=\"aioseo-breadcrumb\">\n\t<a href=\"https:\/\/aamnation.com\/pl\" title=\"Home\">Home<\/a>\n<\/span><span class=\"aioseo-breadcrumb-separator\">&raquo;<\/span><span class=\"aioseo-breadcrumb\">\n\t<a href=\"https:\/\/aamnation.com\/pl\/category\/uas-uav-drone-news\/\" title=\"UAS &amp; UAV Drone News\">UAS &amp; UAV Drone News<\/a>\n<\/span><span class=\"aioseo-breadcrumb-separator\">&raquo;<\/span><span class=\"aioseo-breadcrumb\">\n\tAirbus Selected By The European Defense Agency To Expand The Capabilities Of Its Capa-X Drone\n<\/span><\/div>","aioseo_breadcrumb_json":[{"label":"Home","link":"https:\/\/aamnation.com\/pl"},{"label":"UAS &amp; UAV Drone News","link":"https:\/\/aamnation.com\/pl\/category\/uas-uav-drone-news\/"},{"label":"Airbus Selected By The European Defense Agency To Expand The Capabilities Of Its Capa-X Drone","link":"https:\/\/aamnation.com\/pl\/2026\/03\/04\/airbus-selected-by-the-european-defense-agency-to-expand-the-capabilities-of-its-capa-x-drone\/"}],"jetpack_likes_enabled":true,"jetpack_sharing_enabled":true,"jetpack_shortlink":"https:\/\/wp.me\/pgg37f-16G","jetpack-related-posts":[],"_links":{"self":[{"href":"https:\/\/aamnation.com\/pl\/wp-json\/wp\/v2\/posts\/4258","targetHints":{"allow":["GET"]}}],"collection":[{"href":"https:\/\/aamnation.com\/pl\/wp-json\/wp\/v2\/posts"}],"about":[{"href":"https:\/\/aamnation.com\/pl\/wp-json\/wp\/v2\/types\/post"}],"author":[{"embeddable":true,"href":"https:\/\/aamnation.com\/pl\/wp-json\/wp\/v2\/users\/165558846"}],"replies":[{"embeddable":true,"href":"https:\/\/aamnation.com\/pl\/wp-json\/wp\/v2\/comments?post=4258"}],"version-history":[{"count":2,"href":"https:\/\/aamnation.com\/pl\/wp-json\/wp\/v2\/posts\/4258\/revisions"}],"predecessor-version":[{"id":4261,"href":"https:\/\/aamnation.com\/pl\/wp-json\/wp\/v2\/posts\/4258\/revisions\/4261"}],"wp:featuredmedia":[{"embeddable":true,"href":"https:\/\/aamnation.com\/pl\/wp-json\/wp\/v2\/media\/4260"}],"wp:attachment":[{"href":"https:\/\/aamnation.com\/pl\/wp-json\/wp\/v2\/media?parent=4258"}],"wp:term":[{"taxonomy":"category","embeddable":true,"href":"https:\/\/aamnation.com\/pl\/wp-json\/wp\/v2\/categories?post=4258"},{"taxonomy":"post_tag","embeddable":true,"href":"https:\/\/aamnation.com\/pl\/wp-json\/wp\/v2\/tags?post=4258"}],"curies":[{"name":"wp","href":"https:\/\/api.w.org\/{rel}","templated":true}]}}