{"id":2953,"date":"2025-07-17T05:55:18","date_gmt":"2025-07-17T12:55:18","guid":{"rendered":"https:\/\/aamnation.com\/?p=2953"},"modified":"2025-07-17T06:05:35","modified_gmt":"2025-07-17T13:05:35","slug":"skydrive-wykona-kolejne-loty-demonstracyjne-na-targach-osaka-expo2025","status":"publish","type":"post","link":"https:\/\/aamnation.com\/pl\/2025\/07\/17\/skydrive-to-perform-further-demonstrations-flights-at-osaka-expo2025\/","title":{"rendered":"SkyDrive wykona kolejne loty demonstracyjne na targach Expo2025 w Osace"},"content":{"rendered":"<div data-elementor-type=\"wp-post\" data-elementor-id=\"2953\" class=\"elementor elementor-2953\" data-elementor-post-type=\"post\">\n\t\t\t\t<div class=\"elementor-element elementor-element-92370f0 e-flex e-con-boxed e-con e-parent\" data-id=\"92370f0\" data-element_type=\"container\" data-e-type=\"container\">\n\t\t\t\t\t<div class=\"e-con-inner\">\n\t\t\t\t<div class=\"elementor-element elementor-element-398ed3e elementor-widget elementor-widget-text-editor\" data-id=\"398ed3e\" data-element_type=\"widget\" data-e-type=\"widget\" data-widget_type=\"text-editor.default\">\n\t\t\t\t<div class=\"elementor-widget-container\">\n\t\t\t\t\t\t\t\t\t<p><span style=\"color: #000000;\">SkyDrive Inc. (\u201cSkyDrive\u201d), wiod\u0105cy producent samolot\u00f3w eVTOL (*1) z siedzib\u0105 w Japonii, wykona kolejne loty demonstracyjne SKYDRIVE (SkyDrive Model SD-05) na Expo 2025 w Osace, Kansai, Japonia. Pierwszy lot z tej kolejnej serii pokaz\u00f3w zaplanowano na 31 lipca 2025 r., a kolejne loty zaplanowano na ca\u0142e lato.<\/span><\/p>\t\t\t\t\t\t\t\t<\/div>\n\t\t\t\t<\/div>\n\t\t\t\t\t<\/div>\n\t\t\t\t<\/div>\n\t\t<div class=\"elementor-element elementor-element-8a69a2a e-flex e-con-boxed e-con e-parent\" data-id=\"8a69a2a\" data-element_type=\"container\" data-e-type=\"container\">\n\t\t\t\t\t<div class=\"e-con-inner\">\n\t\t\t\t<div class=\"elementor-element elementor-element-a48a30d elementor-widget elementor-widget-image\" data-id=\"a48a30d\" data-element_type=\"widget\" data-e-type=\"widget\" data-widget_type=\"image.default\">\n\t\t\t\t<div class=\"elementor-widget-container\">\n\t\t\t\t\t\t\t\t\t\t\t\t\t\t\t<img fetchpriority=\"high\" decoding=\"async\" data-attachment-id=\"2956\" data-permalink=\"https:\/\/aamnation.com\/pl\/2025\/07\/17\/skydrive-to-perform-further-demonstrations-flights-at-osaka-expo2025\/members-of-the-press-and-expo-staff-watch-skydrives-first-sortie-from-the-expo-vertiport-on-april-9-2025\/\" data-orig-file=\"https:\/\/i0.wp.com\/aamnation.com\/wp-content\/uploads\/2025\/07\/Members-of-the-press-and-Expo-staff-watch-SkyDrives-first-sortie-from-the-EXPO-Vertiport-on-April-9-2025-e1752756082487.png?fit=980%2C551&amp;ssl=1\" data-orig-size=\"980,551\" data-comments-opened=\"1\" data-image-meta=\"{&quot;aperture&quot;:&quot;0&quot;,&quot;credit&quot;:&quot;&quot;,&quot;camera&quot;:&quot;&quot;,&quot;caption&quot;:&quot;&quot;,&quot;created_timestamp&quot;:&quot;0&quot;,&quot;copyright&quot;:&quot;&quot;,&quot;focal_length&quot;:&quot;0&quot;,&quot;iso&quot;:&quot;0&quot;,&quot;shutter_speed&quot;:&quot;0&quot;,&quot;title&quot;:&quot;&quot;,&quot;orientation&quot;:&quot;0&quot;}\" data-image-title=\"Members of the press and Expo staff watch SkyDrive\u2019s first sortie from the EXPO Vertiport on April 9, 2025\" data-image-description=\"\" data-image-caption=\"\" data-large-file=\"https:\/\/i0.wp.com\/aamnation.com\/wp-content\/uploads\/2025\/07\/Members-of-the-press-and-Expo-staff-watch-SkyDrives-first-sortie-from-the-EXPO-Vertiport-on-April-9-2025-e1752756082487.png?fit=640%2C360&amp;ssl=1\" width=\"640\" height=\"360\" src=\"https:\/\/i0.wp.com\/aamnation.com\/wp-content\/uploads\/2025\/07\/Members-of-the-press-and-Expo-staff-watch-SkyDrives-first-sortie-from-the-EXPO-Vertiport-on-April-9-2025-e1752756082487.png?fit=640%2C360&amp;ssl=1\" class=\"attachment-medium_large size-medium_large wp-image-2956\" alt=\"\" \/>\t\t\t\t\t\t\t\t\t\t\t\t\t\t\t<\/div>\n\t\t\t\t<\/div>\n\t\t\t\t\t<\/div>\n\t\t\t\t<\/div>\n\t\t<div class=\"elementor-element elementor-element-51c600f e-flex e-con-boxed e-con e-parent\" data-id=\"51c600f\" data-element_type=\"container\" data-e-type=\"container\">\n\t\t\t\t\t<div class=\"e-con-inner\">\n\t\t\t\t<div class=\"elementor-element elementor-element-3ae5940 elementor-widget elementor-widget-text-editor\" data-id=\"3ae5940\" data-element_type=\"widget\" data-e-type=\"widget\" data-widget_type=\"text-editor.default\">\n\t\t\t\t<div class=\"elementor-widget-container\">\n\t\t\t\t\t\t\t\t\t<p><span style=\"color: #000000;\">W lutym 2023 r. SkyDrive znalaz\u0142 si\u0119 w wybranej grupie firm zajmuj\u0105cych si\u0119 zaawansowan\u0105 mobilno\u015bci\u0105 lotnicz\u0105, kt\u00f3re zosta\u0142y wybrane do zademonstrowania swojej technologii inteligentnej mobilno\u015bci na Expo w ramach tematu przewodniego wydarzenia, jakim jest prezentacja technologii, kt\u00f3ra b\u0119dzie kszta\u0142towa\u0107 przysz\u0142o\u015b\u0107 spo\u0142ecze\u0144stwa. W wyniku tej okazji udana demonstracja naszego samolotu na Expo sta\u0142a si\u0119 jednym z kluczowych kamieni milowych rozwoju SkyDrive. Po szeroko zakrojonych dzia\u0142aniach rozwojowych i post\u0119pach, kamie\u0144 milowy zosta\u0142 osi\u0105gni\u0119ty w kwietniu 2025 r. wraz z naszym inauguracyjnym lotem nad EXPO Vertiport (patrz zdj\u0119cie powy\u017cej).<\/span><\/p><p><span style=\"color: #000000;\">Od kwietnia SkyDrive kontynuowa\u0142 dalszy rozw\u00f3j i testy, wykonuj\u0105c seri\u0119 lot\u00f3w testowych bez incydent\u00f3w, aby potwierdzi\u0107 bezpiecze\u0144stwo szerszych obwiedni lotu. Wraz z rozwojem mo\u017cliwo\u015bci naszego samolotu, mamy przyjemno\u015b\u0107 zaprezentowa\u0107 go po raz kolejny, zgodnie z poni\u017cszymi szczeg\u00f3\u0142ami.<\/span><\/p><p><span style=\"color: #000000;\"><strong>Loty demonstracyjne SkyDrive na targach Expo w Osace: Letni harmonogram<\/strong><\/span><\/p><table width=\"1080\"><tbody><tr><td width=\"324\"><p><span style=\"color: #000000;\">Od po\u0142owy lipca<\/span><\/p><\/td><td><p><span style=\"color: #000000;\">Przygotowania na miejscu<\/span><\/p><\/td><\/tr><tr><td width=\"324\"><p><span style=\"color: #000000;\">31 lipca (czwartek) - 24 sierpnia (niedz.)<\/span><\/p><\/td><td><p><span style=\"color: #000000;\">W tym okresie SKYDRIVE b\u0119dzie lata\u0107 z EXPO Vertiport w poniedzia\u0142ki, czwartki, pi\u0105tki, soboty i niedziele, z jednym lub dwoma lotami zaplanowanymi ka\u017cdego dnia mi\u0119dzy wschodem a zachodem s\u0142o\u0144ca (bez lot\u00f3w we wtorek i \u015brod\u0119).<\/span><br \/><span style=\"color: #000000;\">*Aby uzyska\u0107 najnowsze informacje na temat rzeczywistych godzin lot\u00f3w, zapoznaj si\u0119 z oficjaln\u0105 aplikacj\u0105 EXPO 2025 Visitors (*2).<\/span><\/p><\/td><\/tr><\/tbody><\/table><p><span style=\"color: #000000;\"><strong>Nale\u017cy pami\u0119ta\u0107 o nast\u0119puj\u0105cych kwestiach:<\/strong><\/span><br \/><span style=\"color: #000000;\">Powy\u017cszy harmonogram jest tymczasowy i mo\u017ce ulec zmianie bez powiadomienia.<\/span><br \/><span style=\"color: #000000;\">Loty mog\u0105 zosta\u0107 prze\u0142o\u017cone lub odwo\u0142ane w przypadku niekorzystnych warunk\u00f3w pogodowych.<\/span><br \/><span style=\"color: #000000;\">Loty mog\u0105 zosta\u0107 prze\u0142o\u017cone lub odwo\u0142ane z powodu konserwacji samolotu.<\/span><\/p><p><span style=\"color: #000000;\"><strong>Obszar lot\u00f3w demonstracyjnych<\/strong><\/span><br \/><span style=\"color: #000000;\">Po przeprowadzeniu kompleksowej analizy bezpiecze\u0144stwa, SkyDrive podj\u0105\u0142 decyzj\u0119 o rozpocz\u0119ciu i zako\u0144czeniu lot\u00f3w demonstracyjnych z EXPO Vertiport, kt\u00f3ry znajduje si\u0119 w Mobility Experience Area w p\u00f3\u0142nocno-zachodnim rogu hali Expo.<\/span><\/p><p><span style=\"color: #000000;\"><strong>Ogl\u0105danie lot\u00f3w demonstracyjnych SkyDrive<\/strong><\/span><br \/><span style=\"color: #000000;\">Do ogl\u0105dania lot\u00f3w demonstracyjnych nie jest wymagana wcze\u015bniejsza rezerwacja.<\/span><br \/><span style=\"color: #000000;\">\u30fb Prosimy o przybycie w okolice wertiportu przed og\u0142oszonym czasem lotu.<\/span><br \/><span style=\"color: #000000;\">*Uwaga: podane godziny lot\u00f3w s\u0105 godzinami zaplanowanymi i mog\u0105 ulec zmianie z r\u00f3\u017cnych przyczyn.<\/span><br \/><span style=\"color: #000000;\">\u30fb Podczas obserwowania lot\u00f3w w okolicy EXPO Vertiport prosimy, aby wszystkie urz\u0105dzenia elektroniczne emituj\u0105ce fale radiowe, w tym urz\u0105dzenia Bluetooth i Wi-Fi, by\u0142y prze\u0142\u0105czone w tryb samolotowy lub wy\u0142\u0105czone, aby zapewni\u0107, \u017ce fale radiowe z tych urz\u0105dze\u0144 nie wp\u0142ywaj\u0105 na samolot.<\/span><br \/><span style=\"color: #000000;\">\u30fb Prosimy o zrozumienie, \u017ce EXPO Vertiport jest obiektem zewn\u0119trznym bez krytego obszaru ogl\u0105dania. Prosimy, aby widzowie lot\u00f3w demonstracyjnych korzystali z pobliskiej strefy odpoczynku (Group Rest Area: West) i pili odpowiednie ilo\u015bci wody, aby unikn\u0105\u0107 ryzyka udaru cieplnego podczas ogl\u0105dania tych lot\u00f3w demonstracyjnych.<\/span><br \/><span style=\"color: #000000;\">\u30fb Przed, w trakcie i po lotach pokazowych spodziewany jest t\u0142ok w okolicy wertiportu. Aby zapewni\u0107 bezpiecze\u0144stwo i wygod\u0119, prosimy o przestrzeganie instrukcji marsza\u0142k\u00f3w bezpiecze\u0144stwa i innego upowa\u017cnionego personelu.<\/span><\/p><p><span style=\"color: #000000;\"><strong>Wi\u0119cej informacji na temat zaawansowanej mobilno\u015bci lotniczej na Expo 2025, Osaka, Kansai, Japonia<\/strong><\/span><br \/><span style=\"color: #000000;\">Aby uzyska\u0107 najnowsze informacje, odwied\u017a oficjaln\u0105 stron\u0119 Japan Association for the 2025 World Exposition pod poni\u017cszym linkiem:<\/span><br \/><a href=\"https:\/\/www.expo2025.or.jp\/en\/future-index\/smart-mobility\/advanced-air-mobility\/\">https:\/\/www.expo2025.or.jp\/en\/future-index\/smart-mobility\/advanced-air-mobility\/<\/a><\/p><p><span style=\"color: #000000;\"><strong>Loty demonstracyjne pocz\u0105wszy od wrze\u015bnia<\/strong><\/span><br \/><span style=\"color: #000000;\">Po zako\u0144czeniu planowanej serii lot\u00f3w demonstracyjnych w wertiporcie EXPO, we wrze\u015bniu 2025 r. SkyDrive wykona dalsze loty demonstracyjne w wertiporcie OSAKAKO (*3), niedawno otwartym obiekcie eVTOL obs\u0142ugiwanym przez Osaka Metro Company, Ltd.<\/span><\/p><p><span style=\"color: #000000;\">Prosimy o wypatrywanie dalszych og\u0142osze\u0144 dotycz\u0105cych szczeg\u00f3\u0142owego harmonogramu lot\u00f3w OSAKAKO Vertiport.<\/span><\/p><p><span style=\"color: #000000;\"><strong>Szczeg\u00f3\u0142y OSAKAKO Vertiport<\/strong><\/span><\/p><table width=\"1080\"><tbody><tr><td width=\"216\"><p><span style=\"color: #000000;\">Adres<\/span><\/p><\/td><td><p><span style=\"color: #000000;\">Kaigan Dori 1-105-5, Minato Ward, miasto Osaka, prefektura Osaka<\/span><\/p><\/td><\/tr><tr><td><p><span style=\"color: #000000;\">Obszar<\/span><\/p><\/td><td><p><span style=\"color: #000000;\">Oko\u0142o 12 000\u33a1<\/span><\/p><\/td><\/tr><tr><td><p><span style=\"color: #000000;\">W\u0142a\u015bciciel gruntu<\/span><\/p><\/td><td><p><span style=\"color: #000000;\">Miasto Osaka<\/span><\/p><\/td><\/tr><tr><td><p><span style=\"color: #000000;\">Operator<\/span><\/p><\/td><td><p><span style=\"color: #000000;\">Osaka Metro Company, Ltd.\uff08Osaka Metro\uff09<\/span><\/p><\/td><\/tr><tr><td><p><span style=\"color: #000000;\">Strona internetowa<\/span><\/p><\/td><td><p><span style=\"color: #000000;\"><a style=\"color: #000000;\" href=\"https:\/\/advanced-air-mobility.osakametro.co.jp\/\"><br \/><span style=\"color: #0000ff;\">https:\/\/advanced-air-mobility.osakametro.co.jp\/<\/span><br \/><\/a><\/span><br \/><span style=\"color: #000000;\">Nale\u017cy pami\u0119ta\u0107, \u017ce ta strona jest dost\u0119pna tylko w j\u0119zyku japo\u0144skim.<\/span><\/p><\/td><\/tr><\/tbody><\/table><p><br \/><br \/><\/p><p>\u00a0<\/p><p><span style=\"color: #000000;\"><strong>Loty treningowe w toku przed lotami demonstracyjnymi<\/strong><\/span><br \/><span style=\"color: #000000;\">W okresie poprzedzaj\u0105cym loty demonstracyjne SkyDrive w Osace, SkyDrive odbywa\u0142 pr\u00f3by do tych lot\u00f3w w naszym o\u015brodku testowym w Yamaguchi City w prefekturze Yamaguchi. Mamy dzi\u015b przyjemno\u015b\u0107 zaprezentowa\u0107 materia\u0142 filmowy z niekt\u00f3rych z tych lot\u00f3w.<\/span><br \/><span style=\"color: #000000;\">Testy w Yamaguchi, gdzie pogoda jest cz\u0119sto spokojna i gdzie jeste\u015bmy w stanie testowa\u0107 samoloty na rozleg\u0142ym obszarze testowym, kt\u00f3ry umo\u017cliwia loty zar\u00f3wno nad l\u0105dem, jak i morzem, uzupe\u0142niaj\u0105 nasz istniej\u0105cy o\u015brodek testowy w Toyota City. Nasze obiekty testowe Yamaguchi znajduj\u0105 si\u0119 wewn\u0105trz Yamaguchi Kirara Haku Memorial Park.<\/span><br \/><br \/><\/p>\t\t\t\t\t\t\t\t<\/div>\n\t\t\t\t<\/div>\n\t\t\t\t\t<\/div>\n\t\t\t\t<\/div>\n\t\t<div class=\"elementor-element elementor-element-fb38070 e-flex e-con-boxed e-con e-parent\" data-id=\"fb38070\" data-element_type=\"container\" data-e-type=\"container\">\n\t\t\t\t\t<div class=\"e-con-inner\">\n\t\t\t\t<div class=\"elementor-element elementor-element-c1cca05 elementor-widget elementor-widget-image\" data-id=\"c1cca05\" data-element_type=\"widget\" data-e-type=\"widget\" data-widget_type=\"image.default\">\n\t\t\t\t<div class=\"elementor-widget-container\">\n\t\t\t\t\t\t\t\t\t\t\t\t\t\t\t<img decoding=\"async\" data-attachment-id=\"2959\" data-permalink=\"https:\/\/aamnation.com\/pl\/2025\/07\/17\/skydrive-to-perform-further-demonstrations-flights-at-osaka-expo2025\/vertiport-hangar\/\" data-orig-file=\"https:\/\/i0.wp.com\/aamnation.com\/wp-content\/uploads\/2025\/07\/Vertiport-hangar-e1752756514866.jpg?fit=980%2C639&amp;ssl=1\" data-orig-size=\"980,639\" data-comments-opened=\"1\" data-image-meta=\"{&quot;aperture&quot;:&quot;5.6&quot;,&quot;credit&quot;:&quot;&quot;,&quot;camera&quot;:&quot;ILCE-7M3&quot;,&quot;caption&quot;:&quot;&quot;,&quot;created_timestamp&quot;:&quot;1743015200&quot;,&quot;copyright&quot;:&quot;&quot;,&quot;focal_length&quot;:&quot;41&quot;,&quot;iso&quot;:&quot;400&quot;,&quot;shutter_speed&quot;:&quot;0.004&quot;,&quot;title&quot;:&quot;&quot;,&quot;orientation&quot;:&quot;1&quot;}\" data-image-title=\"Vertiport hangar\" data-image-description=\"\" data-image-caption=\"\" data-large-file=\"https:\/\/i0.wp.com\/aamnation.com\/wp-content\/uploads\/2025\/07\/Vertiport-hangar-e1752756514866.jpg?fit=640%2C418&amp;ssl=1\" width=\"640\" height=\"418\" src=\"https:\/\/i0.wp.com\/aamnation.com\/wp-content\/uploads\/2025\/07\/Vertiport-hangar-e1752756514866.jpg?fit=640%2C418&amp;ssl=1\" class=\"attachment-medium_large size-medium_large wp-image-2959\" alt=\"\" \/>\t\t\t\t\t\t\t\t\t\t\t\t\t\t\t<\/div>\n\t\t\t\t<\/div>\n\t\t\t\t\t<\/div>\n\t\t\t\t<\/div>\n\t\t<div class=\"elementor-element elementor-element-8e0a0b9 e-flex e-con-boxed e-con e-parent\" data-id=\"8e0a0b9\" data-element_type=\"container\" data-e-type=\"container\">\n\t\t\t\t\t<div class=\"e-con-inner\">\n\t\t\t\t<div class=\"elementor-element elementor-element-0b9d1f1 elementor-widget elementor-widget-image\" data-id=\"0b9d1f1\" data-element_type=\"widget\" data-e-type=\"widget\" data-widget_type=\"image.default\">\n\t\t\t\t<div class=\"elementor-widget-container\">\n\t\t\t\t\t\t\t\t\t\t\t\t\t\t\t<img decoding=\"async\" data-attachment-id=\"2961\" data-permalink=\"https:\/\/aamnation.com\/pl\/2025\/07\/17\/skydrive-to-perform-further-demonstrations-flights-at-osaka-expo2025\/take-off-and-landing-area\/\" data-orig-file=\"https:\/\/i0.wp.com\/aamnation.com\/wp-content\/uploads\/2025\/07\/Take-off-and-landing-area-e1752756658785.jpg?fit=980%2C638&amp;ssl=1\" data-orig-size=\"980,638\" data-comments-opened=\"1\" data-image-meta=\"{&quot;aperture&quot;:&quot;0&quot;,&quot;credit&quot;:&quot;&quot;,&quot;camera&quot;:&quot;&quot;,&quot;caption&quot;:&quot;&quot;,&quot;created_timestamp&quot;:&quot;0&quot;,&quot;copyright&quot;:&quot;&quot;,&quot;focal_length&quot;:&quot;0&quot;,&quot;iso&quot;:&quot;0&quot;,&quot;shutter_speed&quot;:&quot;0&quot;,&quot;title&quot;:&quot;&quot;,&quot;orientation&quot;:&quot;0&quot;}\" data-image-title=\"Take off and landing area\" data-image-description=\"\" data-image-caption=\"\" data-large-file=\"https:\/\/i0.wp.com\/aamnation.com\/wp-content\/uploads\/2025\/07\/Take-off-and-landing-area-e1752756658785.jpg?fit=640%2C416&amp;ssl=1\" width=\"640\" height=\"417\" src=\"https:\/\/i0.wp.com\/aamnation.com\/wp-content\/uploads\/2025\/07\/Take-off-and-landing-area-e1752756658785.jpg?fit=640%2C417&amp;ssl=1\" class=\"attachment-medium_large size-medium_large wp-image-2961\" alt=\"\" \/>\t\t\t\t\t\t\t\t\t\t\t\t\t\t\t<\/div>\n\t\t\t\t<\/div>\n\t\t\t\t\t<\/div>\n\t\t\t\t<\/div>\n\t\t<div class=\"elementor-element elementor-element-3cda87c e-flex e-con-boxed e-con e-parent\" data-id=\"3cda87c\" data-element_type=\"container\" data-e-type=\"container\">\n\t\t\t\t\t<div class=\"e-con-inner\">\n\t\t\t\t<div class=\"elementor-element elementor-element-8d91f05 elementor-widget elementor-widget-image\" data-id=\"8d91f05\" data-element_type=\"widget\" data-e-type=\"widget\" data-widget_type=\"image.default\">\n\t\t\t\t<div class=\"elementor-widget-container\">\n\t\t\t\t\t\t\t\t\t\t\t\t\t\t\t<img loading=\"lazy\" decoding=\"async\" data-attachment-id=\"2963\" data-permalink=\"https:\/\/aamnation.com\/pl\/2025\/07\/17\/skydrive-to-perform-further-demonstrations-flights-at-osaka-expo2025\/practice-flights-underway-in-yamaguchi-city-yamaguchi-prefecture\/\" data-orig-file=\"https:\/\/i0.wp.com\/aamnation.com\/wp-content\/uploads\/2025\/07\/Practice-flights-underway-in-Yamaguchi-City-Yamaguchi-Prefecture-e1752756797433.png?fit=980%2C551&amp;ssl=1\" data-orig-size=\"980,551\" data-comments-opened=\"1\" data-image-meta=\"{&quot;aperture&quot;:&quot;0&quot;,&quot;credit&quot;:&quot;&quot;,&quot;camera&quot;:&quot;&quot;,&quot;caption&quot;:&quot;&quot;,&quot;created_timestamp&quot;:&quot;0&quot;,&quot;copyright&quot;:&quot;&quot;,&quot;focal_length&quot;:&quot;0&quot;,&quot;iso&quot;:&quot;0&quot;,&quot;shutter_speed&quot;:&quot;0&quot;,&quot;title&quot;:&quot;&quot;,&quot;orientation&quot;:&quot;0&quot;}\" data-image-title=\"Practice flights underway in Yamaguchi City, Yamaguchi Prefecture\" data-image-description=\"\" data-image-caption=\"\" data-large-file=\"https:\/\/i0.wp.com\/aamnation.com\/wp-content\/uploads\/2025\/07\/Practice-flights-underway-in-Yamaguchi-City-Yamaguchi-Prefecture-e1752756797433.png?fit=640%2C360&amp;ssl=1\" width=\"640\" height=\"360\" src=\"https:\/\/i0.wp.com\/aamnation.com\/wp-content\/uploads\/2025\/07\/Practice-flights-underway-in-Yamaguchi-City-Yamaguchi-Prefecture-e1752756797433.png?fit=640%2C360&amp;ssl=1\" class=\"attachment-medium_large size-medium_large wp-image-2963\" alt=\"\" \/>\t\t\t\t\t\t\t\t\t\t\t\t\t\t\t<\/div>\n\t\t\t\t<\/div>\n\t\t\t\t\t<\/div>\n\t\t\t\t<\/div>\n\t\t<div class=\"elementor-element elementor-element-3e6e5e5 e-flex e-con-boxed e-con e-parent\" data-id=\"3e6e5e5\" data-element_type=\"container\" data-e-type=\"container\">\n\t\t\t\t\t<div class=\"e-con-inner\">\n\t\t\t\t<div class=\"elementor-element elementor-element-730d5f7 elementor-widget elementor-widget-image\" data-id=\"730d5f7\" data-element_type=\"widget\" data-e-type=\"widget\" data-widget_type=\"image.default\">\n\t\t\t\t<div class=\"elementor-widget-container\">\n\t\t\t\t\t\t\t\t\t\t\t\t\t\t\t<img loading=\"lazy\" decoding=\"async\" data-attachment-id=\"2964\" data-permalink=\"https:\/\/aamnation.com\/pl\/2025\/07\/17\/skydrive-to-perform-further-demonstrations-flights-at-osaka-expo2025\/passenger-facilities\/\" data-orig-file=\"https:\/\/i0.wp.com\/aamnation.com\/wp-content\/uploads\/2025\/07\/Passenger-facilities-e1752756932853.jpg?fit=980%2C637&amp;ssl=1\" data-orig-size=\"980,637\" data-comments-opened=\"1\" data-image-meta=\"{&quot;aperture&quot;:&quot;0&quot;,&quot;credit&quot;:&quot;&quot;,&quot;camera&quot;:&quot;&quot;,&quot;caption&quot;:&quot;&quot;,&quot;created_timestamp&quot;:&quot;0&quot;,&quot;copyright&quot;:&quot;&quot;,&quot;focal_length&quot;:&quot;0&quot;,&quot;iso&quot;:&quot;0&quot;,&quot;shutter_speed&quot;:&quot;0&quot;,&quot;title&quot;:&quot;&quot;,&quot;orientation&quot;:&quot;0&quot;}\" data-image-title=\"Passenger facilities\" data-image-description=\"\" data-image-caption=\"\" data-large-file=\"https:\/\/i0.wp.com\/aamnation.com\/wp-content\/uploads\/2025\/07\/Passenger-facilities-e1752756932853.jpg?fit=640%2C416&amp;ssl=1\" width=\"640\" height=\"417\" src=\"https:\/\/i0.wp.com\/aamnation.com\/wp-content\/uploads\/2025\/07\/Passenger-facilities-e1752756932853.jpg?fit=640%2C417&amp;ssl=1\" class=\"attachment-medium_large size-medium_large wp-image-2964\" alt=\"\" \/>\t\t\t\t\t\t\t\t\t\t\t\t\t\t\t<\/div>\n\t\t\t\t<\/div>\n\t\t\t\t\t<\/div>\n\t\t\t\t<\/div>\n\t\t<div class=\"elementor-element elementor-element-e00dbb1 e-flex e-con-boxed e-con e-parent\" data-id=\"e00dbb1\" data-element_type=\"container\" data-e-type=\"container\">\n\t\t\t\t\t<div class=\"e-con-inner\">\n\t\t\t\t<div class=\"elementor-element elementor-element-6768dfb elementor-widget elementor-widget-video\" data-id=\"6768dfb\" data-element_type=\"widget\" data-e-type=\"widget\" data-settings=\"{&quot;youtube_url&quot;:&quot;https:\\\/\\\/youtu.be\\\/0-n6Cdy1AwA&quot;,&quot;video_type&quot;:&quot;youtube&quot;,&quot;controls&quot;:&quot;yes&quot;}\" data-widget_type=\"video.default\">\n\t\t\t\t<div class=\"elementor-widget-container\">\n\t\t\t\t\t\t\t<div class=\"elementor-wrapper elementor-open-inline\">\n\t\t\t<div class=\"elementor-video\"><\/div>\t\t<\/div>\n\t\t\t\t\t\t<\/div>\n\t\t\t\t<\/div>\n\t\t\t\t\t<\/div>\n\t\t\t\t<\/div>\n\t\t<div class=\"elementor-element elementor-element-93ac27b e-flex e-con-boxed e-con e-parent\" data-id=\"93ac27b\" data-element_type=\"container\" data-e-type=\"container\">\n\t\t\t\t\t<div class=\"e-con-inner\">\n\t\t\t\t<div class=\"elementor-element elementor-element-f200a69 elementor-widget elementor-widget-text-editor\" data-id=\"f200a69\" data-element_type=\"widget\" data-e-type=\"widget\" data-widget_type=\"text-editor.default\">\n\t\t\t\t<div class=\"elementor-widget-container\">\n\t\t\t\t\t\t\t\t\t<p style=\"line-height: 18.0pt; vertical-align: baseline; margin: 0in 0in 21.0pt 0in;\"><span style=\"color: #000000;\"><strong><span style=\"font-size: 10.5pt; font-family: Arial, sans-serif;\">Nasz plan rozwoju na przysz\u0142o\u015b\u0107<\/span><\/strong><span style=\"font-size: 10.5pt; font-family: Arial, sans-serif;\"><br style=\"box-sizing: border-box;\" \/>Opr\u00f3cz lot\u00f3w z wertiport\u00f3w EXPO i OSAKAKO, SkyDrive kontynuuje rozw\u00f3j i testowanie swoich samolot\u00f3w w obiektach testowych w Toyota City w prefekturze Aichi i Yamaguchi City w prefekturze Yamaguchi, stale posuwaj\u0105c si\u0119 naprz\u00f3d w kierunku certyfikacji naszych samolot\u00f3w i p\u0142ynnego w\u0142\u0105czenia eVTOL do naszych codziennych sieci transportowych. SkyDrive nieustannie pracuje r\u00f3wnie\u017c nad osi\u0105gni\u0119ciem wi\u0119kszego publicznego zrozumienia i akceptacji tej nowej technologii.<\/span><\/span><\/p><p style=\"line-height: 18.0pt; vertical-align: baseline; box-sizing: border-box; font-style: inherit; font-weight: inherit; outline: 0px; margin: 0in 0in 21.0pt 0in;\"><span style=\"color: #000000;\"><strong style=\"box-sizing: border-box;\"><span style=\"font-size: 10.5pt; font-family: Arial, sans-serif;\">Informacje o SkyDrive Inc.<\/span><\/strong><\/span><span style=\"font-size: 10.5pt; font-family: 'Arial',sans-serif; color: #727088;\"><br style=\"box-sizing: border-box;\" \/><span style=\"color: #000000;\">SkyDrive to firma zajmuj\u0105ca si\u0119 eVTOL, kt\u00f3rej celem jest \u201cobj\u0119cie przyw\u00f3dztwa w rewolucji mobilno\u015bci raz na stulecie\u201d. Firma rozpocz\u0119\u0142a testowanie prototyp\u00f3w eVTOL w 2014 roku przed oficjalnym za\u0142o\u017ceniem w 2018 roku. Zgodnie z jej przysz\u0142\u0105 wizj\u0105 transportu miejskiego, loty eVTOL stan\u0105 si\u0119 regularn\u0105 cz\u0119\u015bci\u0105 \u017cycia w mie\u015bcie. W 2019 r. SkyDrive sta\u0142a si\u0119 pierwsz\u0105 firm\u0105, kt\u00f3ra lata\u0142a za\u0142ogowym eVTOL w Japonii. Od 2025 r. SkyDrive wsp\u00f3\u0142pracuje z urz\u0119dami lotnictwa cywilnego w Japonii i Stanach Zjednoczonych w celu uzyskania certyfikatu dla \u201cSKYDRIVE\u201d, pierwszego produktu eVTOL firmy. SkyDrive zaprezentowa\u0142 pierwszy publiczny lot SKYDRIVE na Expo 2025 w Osace w kwietniu 2025 r., z planami dalszych lot\u00f3w demonstracyjnych latem. SkyDrive rozpocz\u0105\u0142 produkcj\u0119 \u201cSKYDRIVE\u201d w marcu 2024 r. w zak\u0142adzie nale\u017c\u0105cym do Suzuki Motor Corporation, oficjalnego partnera produkcyjnego SkyDrive. SkyDrive ma siedzib\u0119 w Toyocie w prefekturze Aichi, a na jej czele stoi dyrektor generalny Tomohiro Fukuzawa, in\u017cynier i przedsi\u0119biorca.<\/span><br style=\"box-sizing: border-box;\" \/><span style=\"color: #000000;\">Wi\u0119cej informacji mo\u017cna znale\u017a\u0107 na stronie:<\/span>\u00a0<a style=\"box-sizing: border-box; transition: 0.2s linear; box-shadow: none;\" href=\"https:\/\/en.skydrive2020.com\/\"><span style=\"color: #10069f; text-decoration: none; text-underline: none;\">https:\/\/en.skydrive2020.co<span style=\"color: #0000ff;\">m\/<\/span><\/span><\/a><\/span><\/p>\t\t\t\t\t\t\t\t<\/div>\n\t\t\t\t<\/div>\n\t\t\t\t\t<\/div>\n\t\t\t\t<\/div>\n\t\t<div class=\"elementor-element elementor-element-805702a e-flex e-con-boxed e-con e-parent\" data-id=\"805702a\" data-element_type=\"container\" data-e-type=\"container\">\n\t\t\t\t\t<div class=\"e-con-inner\">\n\t\t\t\t<div class=\"elementor-element elementor-element-f74d4b2 elementor-widget elementor-widget-text-editor\" data-id=\"f74d4b2\" data-element_type=\"widget\" data-e-type=\"widget\" data-widget_type=\"text-editor.default\">\n\t\t\t\t<div class=\"elementor-widget-container\">\n\t\t\t\t\t\t\t\t\t<p><span style=\"color: #000000;\">... notatki od SP<\/span><br \/><br \/><span style=\"color: #000000;\">Informacja prasowa i zdj\u0119cie: SkyDrive Media<\/span><\/p><p style=\"line-height: 15.0pt; vertical-align: baseline; margin: 0in 0in 21.0pt 0in;\"><span style=\"font-size: 9pt; font-family: Arial, sans-serif; color: #000000;\">(*1) \u201ceVTOL\u201d to skr\u00f3t oznaczaj\u0105cy elektryczny pionowy start i l\u0105dowanie. Jak sama nazwa wskazuje, samoloty eVTOL mog\u0105 startowa\u0107 i l\u0105dowa\u0107 bez pasa startowego. eVTOL s\u0105 zasilane energi\u0105 elektryczn\u0105 i wykorzystuj\u0105 zaawansowan\u0105, automatyczn\u0105 technologi\u0119 sterowania lotem.<\/span><\/p><p style=\"line-height: 15.0pt; vertical-align: baseline; box-sizing: border-box; font-style: inherit; font-weight: inherit; outline: 0px; margin: 0in 0in 21.0pt 0in;\"><span style=\"font-size: 9.0pt; font-family: 'Arial',sans-serif; color: #727088;\"><span style=\"color: #000000;\">(*2) EXPO 2025 Visitors to oficjalna aplikacja Expo 2025, Osaka, Kansai, Japonia. Aplikacja zawiera map\u0119, kt\u00f3ra pomaga odwiedzaj\u0105cym znale\u017a\u0107 drog\u0119 do r\u00f3\u017cnych pawilon\u00f3w i restauracji, a tak\u017ce r\u00f3\u017cnych innych us\u0142ug zwi\u0105zanych z Expo.<\/span><br style=\"box-sizing: border-box;\" \/><a style=\"box-sizing: border-box; transition: 0.2s linear; box-shadow: none;\" href=\"https:\/\/www.expo2025.or.jp\/en\/visitorsapp\/\"><span style=\"color: #10069f;\">https:\/\/www.expo2025.or.jp\/en\/visitorsapp\/<\/span><\/a><\/span><\/p><p style=\"line-height: 15.0pt; vertical-align: baseline; box-sizing: border-box; font-style: inherit; font-weight: inherit; outline: 0px; margin: 0in 0in 21.0pt 0in;\"><span style=\"font-size: 9pt; font-family: Arial, sans-serif; color: #000000;\">(*3) \u201cOSAKAKO\u201d to po japo\u0144sku port w Osace.<\/span><\/p>\t\t\t\t\t\t\t\t<\/div>\n\t\t\t\t<\/div>\n\t\t\t\t\t<\/div>\n\t\t\t\t<\/div>\n\t\t<div class=\"elementor-element elementor-element-a6796b9 e-flex e-con-boxed e-con e-parent\" data-id=\"a6796b9\" data-element_type=\"container\" data-e-type=\"container\">\n\t\t\t\t\t<div class=\"e-con-inner\">\n\t\t\t\t<div class=\"elementor-element elementor-element-49b17b6 elementor-widget elementor-widget-image\" data-id=\"49b17b6\" data-element_type=\"widget\" data-e-type=\"widget\" data-widget_type=\"image.default\">\n\t\t\t\t<div class=\"elementor-widget-container\">\n\t\t\t\t\t\t\t\t\t\t\t\t\t\t\t<img loading=\"lazy\" decoding=\"async\" data-attachment-id=\"2455\" data-permalink=\"https:\/\/aamnation.com\/pl\/2025\/05\/14\/jetson-and-eurosets-revolutionizing-uam-emergency-response-with-evtol-technology-and-advanced-medical-solutions-can-save-lives\/aam-logo-2\/\" data-orig-file=\"https:\/\/i0.wp.com\/aamnation.com\/wp-content\/uploads\/2025\/05\/AAM-Logo-2.png?fit=150%2C150&amp;ssl=1\" data-orig-size=\"150,150\" data-comments-opened=\"1\" data-image-meta=\"{&quot;aperture&quot;:&quot;0&quot;,&quot;credit&quot;:&quot;&quot;,&quot;camera&quot;:&quot;&quot;,&quot;caption&quot;:&quot;&quot;,&quot;created_timestamp&quot;:&quot;0&quot;,&quot;copyright&quot;:&quot;&quot;,&quot;focal_length&quot;:&quot;0&quot;,&quot;iso&quot;:&quot;0&quot;,&quot;shutter_speed&quot;:&quot;0&quot;,&quot;title&quot;:&quot;&quot;,&quot;orientation&quot;:&quot;0&quot;}\" data-image-title=\"Advanced Air Mobility Nation AAM Nation Logo\" data-image-description=\"\" data-image-caption=\"\" data-large-file=\"https:\/\/i0.wp.com\/aamnation.com\/wp-content\/uploads\/2025\/05\/AAM-Logo-2.png?fit=150%2C150&amp;ssl=1\" width=\"150\" height=\"150\" src=\"https:\/\/i0.wp.com\/aamnation.com\/wp-content\/uploads\/2025\/05\/AAM-Logo-2.png?resize=150%2C150&amp;ssl=1\" class=\"attachment-thumbnail size-thumbnail wp-image-2455\" alt=\"\" srcset=\"https:\/\/i0.wp.com\/aamnation.com\/wp-content\/uploads\/2025\/05\/AAM-Logo-2.png?w=150&amp;ssl=1 150w, https:\/\/i0.wp.com\/aamnation.com\/wp-content\/uploads\/2025\/05\/AAM-Logo-2.png?resize=12%2C12&amp;ssl=1 12w\" sizes=\"(max-width: 150px) 100vw, 150px\" \/>\t\t\t\t\t\t\t\t\t\t\t\t\t\t\t<\/div>\n\t\t\t\t<\/div>\n\t\t\t\t\t<\/div>\n\t\t\t\t<\/div>\n\t\t\t\t<\/div>","protected":false},"excerpt":{"rendered":"<p>SkyDrive Inc. (\u201cSkyDrive\u201d), a leading eVTOL (*1) aircraft manufacturer based in Japan, will perform further&#8230;<\/p>","protected":false},"author":165558846,"featured_media":2954,"comment_status":"open","ping_status":"open","sticky":false,"template":"","format":"standard","meta":{"_crdt_document":"","om_disable_all_campaigns":false,"_monsterinsights_skip_tracking":false,"_monsterinsights_sitenote_active":false,"_monsterinsights_sitenote_note":"","_monsterinsights_sitenote_category":0,"_jetpack_newsletter_access":"","_jetpack_dont_email_post_to_subs":false,"_jetpack_newsletter_tier_id":0,"_jetpack_memberships_contains_paywalled_content":false,"_jetpack_memberships_contains_paid_content":false,"footnotes":"","jetpack_publicize_message":"","jetpack_publicize_feature_enabled":true,"jetpack_social_post_already_shared":true,"jetpack_social_options":{"image_generator_settings":{"template":"highway","default_image_id":3941,"font":"","enabled":false},"version":2},"_wpas_customize_per_network":false,"jetpack_post_was_ever_published":false},"categories":[1383],"tags":[1505,1449,1501,1445,1395,1483,1486,1494,1392,1447,1398,1528,1507,1444,1438,1394,1402,1506,1450,1502,1446,1396,1484,1487,1495,1448,1500,1503,1397,1401,1508],"class_list":["post-2953","post","type-post","status-publish","format-standard","has-post-thumbnail","hentry","category-aam-uam-expo-show","tag-aam","tag-aam-aerospace","tag-aam-air-taxi","tag-aam-aircraft","tag-aam-evtol","tag-aam-int-business","tag-aam-logistics","tag-aam-medical","tag-aam-nation","tag-aam-tech-news","tag-aam-uam-business","tag-advanced-air-mobility-nation","tag-aviation","tag-battery","tag-etechnology","tag-evtol","tag-technology","tag-uam","tag-uam-aerospace","tag-uam-air-taxi","tag-uam-aircraft","tag-uam-evtol","tag-uam-int-business","tag-uam-logistics","tag-uam-medical","tag-uam-tech-news","tag-uav","tag-uav-logistics","tag-usa-aam","tag-vertical-flight-society","tag-ww-air-taxi"],"aioseo_notices":[],"jetpack_publicize_connections":[],"featured_image_urls":{"full":["https:\/\/i0.wp.com\/aamnation.com\/wp-content\/uploads\/2025\/07\/The-AAM-eVTOL-SKYDRIVE-SkyDrive-SD-05-Model-Exhibition-Flight-At-The-EXPO-Vertiport-On-Media-Day-e1752755820599.jpg?fit=1240%2C827&ssl=1",1240,827,false],"thumbnail":["https:\/\/i0.wp.com\/aamnation.com\/wp-content\/uploads\/2025\/07\/The-AAM-eVTOL-SKYDRIVE-SkyDrive-SD-05-Model-Exhibition-Flight-At-The-EXPO-Vertiport-On-Media-Day-e1752755820599.jpg?resize=150%2C150&ssl=1",150,150,true],"medium":["https:\/\/i0.wp.com\/aamnation.com\/wp-content\/uploads\/2025\/07\/The-AAM-eVTOL-SKYDRIVE-SkyDrive-SD-05-Model-Exhibition-Flight-At-The-EXPO-Vertiport-On-Media-Day-e1752755820599.jpg?fit=300%2C200&ssl=1",300,200,true],"medium_large":["https:\/\/i0.wp.com\/aamnation.com\/wp-content\/uploads\/2025\/07\/The-AAM-eVTOL-SKYDRIVE-SkyDrive-SD-05-Model-Exhibition-Flight-At-The-EXPO-Vertiport-On-Media-Day-e1752755820599.jpg?fit=640%2C427&ssl=1",640,427,true],"large":["https:\/\/i0.wp.com\/aamnation.com\/wp-content\/uploads\/2025\/07\/The-AAM-eVTOL-SKYDRIVE-SkyDrive-SD-05-Model-Exhibition-Flight-At-The-EXPO-Vertiport-On-Media-Day-e1752755820599.jpg?fit=640%2C427&ssl=1",640,427,true],"1536x1536":["https:\/\/i0.wp.com\/aamnation.com\/wp-content\/uploads\/2025\/07\/The-AAM-eVTOL-SKYDRIVE-SkyDrive-SD-05-Model-Exhibition-Flight-At-The-EXPO-Vertiport-On-Media-Day-e1752755820599.jpg?fit=1240%2C827&ssl=1",1240,827,true],"2048x2048":["https:\/\/i0.wp.com\/aamnation.com\/wp-content\/uploads\/2025\/07\/The-AAM-eVTOL-SKYDRIVE-SkyDrive-SD-05-Model-Exhibition-Flight-At-The-EXPO-Vertiport-On-Media-Day-e1752755820599.jpg?fit=1240%2C827&ssl=1",1240,827,true],"trp-custom-language-flag":["https:\/\/i0.wp.com\/aamnation.com\/wp-content\/uploads\/2025\/07\/The-AAM-eVTOL-SKYDRIVE-SkyDrive-SD-05-Model-Exhibition-Flight-At-The-EXPO-Vertiport-On-Media-Day-e1752755820599.jpg?fit=18%2C12&ssl=1",18,12,true],"newspack-article-block-landscape-large":["https:\/\/i0.wp.com\/aamnation.com\/wp-content\/uploads\/2025\/07\/The-AAM-eVTOL-SKYDRIVE-SkyDrive-SD-05-Model-Exhibition-Flight-At-The-EXPO-Vertiport-On-Media-Day-e1752755820599.jpg?resize=1200%2C827&ssl=1",1200,827,true],"newspack-article-block-portrait-large":["https:\/\/i0.wp.com\/aamnation.com\/wp-content\/uploads\/2025\/07\/The-AAM-eVTOL-SKYDRIVE-SkyDrive-SD-05-Model-Exhibition-Flight-At-The-EXPO-Vertiport-On-Media-Day-e1752755820599.jpg?resize=900%2C827&ssl=1",900,827,true],"newspack-article-block-square-large":["https:\/\/i0.wp.com\/aamnation.com\/wp-content\/uploads\/2025\/07\/The-AAM-eVTOL-SKYDRIVE-SkyDrive-SD-05-Model-Exhibition-Flight-At-The-EXPO-Vertiport-On-Media-Day-e1752755820599.jpg?resize=1200%2C827&ssl=1",1200,827,true],"newspack-article-block-landscape-medium":["https:\/\/i0.wp.com\/aamnation.com\/wp-content\/uploads\/2025\/07\/The-AAM-eVTOL-SKYDRIVE-SkyDrive-SD-05-Model-Exhibition-Flight-At-The-EXPO-Vertiport-On-Media-Day-e1752755820599.jpg?resize=800%2C600&ssl=1",800,600,true],"newspack-article-block-portrait-medium":["https:\/\/i0.wp.com\/aamnation.com\/wp-content\/uploads\/2025\/07\/The-AAM-eVTOL-SKYDRIVE-SkyDrive-SD-05-Model-Exhibition-Flight-At-The-EXPO-Vertiport-On-Media-Day-e1752755820599.jpg?resize=600%2C800&ssl=1",600,800,true],"newspack-article-block-square-medium":["https:\/\/i0.wp.com\/aamnation.com\/wp-content\/uploads\/2025\/07\/The-AAM-eVTOL-SKYDRIVE-SkyDrive-SD-05-Model-Exhibition-Flight-At-The-EXPO-Vertiport-On-Media-Day-e1752755820599.jpg?resize=800%2C800&ssl=1",800,800,true],"newspack-article-block-landscape-intermediate":["https:\/\/i0.wp.com\/aamnation.com\/wp-content\/uploads\/2025\/07\/The-AAM-eVTOL-SKYDRIVE-SkyDrive-SD-05-Model-Exhibition-Flight-At-The-EXPO-Vertiport-On-Media-Day-e1752755820599.jpg?resize=600%2C450&ssl=1",600,450,true],"newspack-article-block-portrait-intermediate":["https:\/\/i0.wp.com\/aamnation.com\/wp-content\/uploads\/2025\/07\/The-AAM-eVTOL-SKYDRIVE-SkyDrive-SD-05-Model-Exhibition-Flight-At-The-EXPO-Vertiport-On-Media-Day-e1752755820599.jpg?resize=450%2C600&ssl=1",450,600,true],"newspack-article-block-square-intermediate":["https:\/\/i0.wp.com\/aamnation.com\/wp-content\/uploads\/2025\/07\/The-AAM-eVTOL-SKYDRIVE-SkyDrive-SD-05-Model-Exhibition-Flight-At-The-EXPO-Vertiport-On-Media-Day-e1752755820599.jpg?resize=600%2C600&ssl=1",600,600,true],"newspack-article-block-landscape-small":["https:\/\/i0.wp.com\/aamnation.com\/wp-content\/uploads\/2025\/07\/The-AAM-eVTOL-SKYDRIVE-SkyDrive-SD-05-Model-Exhibition-Flight-At-The-EXPO-Vertiport-On-Media-Day-e1752755820599.jpg?resize=400%2C300&ssl=1",400,300,true],"newspack-article-block-portrait-small":["https:\/\/i0.wp.com\/aamnation.com\/wp-content\/uploads\/2025\/07\/The-AAM-eVTOL-SKYDRIVE-SkyDrive-SD-05-Model-Exhibition-Flight-At-The-EXPO-Vertiport-On-Media-Day-e1752755820599.jpg?resize=300%2C400&ssl=1",300,400,true],"newspack-article-block-square-small":["https:\/\/i0.wp.com\/aamnation.com\/wp-content\/uploads\/2025\/07\/The-AAM-eVTOL-SKYDRIVE-SkyDrive-SD-05-Model-Exhibition-Flight-At-The-EXPO-Vertiport-On-Media-Day-e1752755820599.jpg?resize=400%2C400&ssl=1",400,400,true],"newspack-article-block-landscape-tiny":["https:\/\/i0.wp.com\/aamnation.com\/wp-content\/uploads\/2025\/07\/The-AAM-eVTOL-SKYDRIVE-SkyDrive-SD-05-Model-Exhibition-Flight-At-The-EXPO-Vertiport-On-Media-Day-e1752755820599.jpg?resize=200%2C150&ssl=1",200,150,true],"newspack-article-block-portrait-tiny":["https:\/\/i0.wp.com\/aamnation.com\/wp-content\/uploads\/2025\/07\/The-AAM-eVTOL-SKYDRIVE-SkyDrive-SD-05-Model-Exhibition-Flight-At-The-EXPO-Vertiport-On-Media-Day-e1752755820599.jpg?resize=150%2C200&ssl=1",150,200,true],"newspack-article-block-square-tiny":["https:\/\/i0.wp.com\/aamnation.com\/wp-content\/uploads\/2025\/07\/The-AAM-eVTOL-SKYDRIVE-SkyDrive-SD-05-Model-Exhibition-Flight-At-The-EXPO-Vertiport-On-Media-Day-e1752755820599.jpg?resize=200%2C200&ssl=1",200,200,true],"newspack-article-block-uncropped":["https:\/\/i0.wp.com\/aamnation.com\/wp-content\/uploads\/2025\/07\/The-AAM-eVTOL-SKYDRIVE-SkyDrive-SD-05-Model-Exhibition-Flight-At-The-EXPO-Vertiport-On-Media-Day-e1752755820599.jpg?fit=1200%2C800&ssl=1",1200,800,true],"newsever-slider-full":["https:\/\/i0.wp.com\/aamnation.com\/wp-content\/uploads\/2025\/07\/The-AAM-eVTOL-SKYDRIVE-SkyDrive-SD-05-Model-Exhibition-Flight-At-The-EXPO-Vertiport-On-Media-Day-e1752755820599.jpg?resize=1240%2C827&ssl=1",1280,845,true],"newsever-featured":["https:\/\/i0.wp.com\/aamnation.com\/wp-content\/uploads\/2025\/07\/The-AAM-eVTOL-SKYDRIVE-SkyDrive-SD-05-Model-Exhibition-Flight-At-The-EXPO-Vertiport-On-Media-Day-e1752755820599.jpg?fit=1024%2C683&ssl=1",1024,683,true],"newsever-medium":["https:\/\/i0.wp.com\/aamnation.com\/wp-content\/uploads\/2025\/07\/The-AAM-eVTOL-SKYDRIVE-SkyDrive-SD-05-Model-Exhibition-Flight-At-The-EXPO-Vertiport-On-Media-Day-e1752755820599.jpg?resize=720%2C475&ssl=1",720,475,true]},"author_info":{"display_name":"EVHNews","author_link":"https:\/\/aamnation.com\/pl\/author\/evhnews\/"},"category_info":"<a href=\"https:\/\/aamnation.com\/pl\/category\/aam-uam-expo-show\/\" rel=\"category tag\">AAM &amp; UAM Expo \/ Show<\/a>","tag_info":"AAM &amp; UAM Expo \/ Show","comment_count":"0","jetpack_featured_media_url":"https:\/\/i0.wp.com\/aamnation.com\/wp-content\/uploads\/2025\/07\/The-AAM-eVTOL-SKYDRIVE-SkyDrive-SD-05-Model-Exhibition-Flight-At-The-EXPO-Vertiport-On-Media-Day-e1752755820599.jpg?fit=1240%2C827&ssl=1","aioseo_head":"\n\t\t<!-- All in One SEO Pro 4.9.6.2 - aioseo.com -->\n\t<meta name=\"description\" content=\"SkyDrive Inc. (\u201cSkyDrive\u201d), a leading eVTOL (*1) aircraft manufacturer based in Japan, will perform further demonstration flights of the SKYDRIVE (SkyDrive Model SD-05) at the Expo 2025, Osaka, Kansai, Japan. The first flight of this next series of demonstrations is scheduled for July 31, 2025, with further flights scheduled throughout the summer. Back in February\" \/>\n\t<meta name=\"robots\" content=\"max-image-preview:large\" \/>\n\t<meta name=\"author\" content=\"EVHNews\"\/>\n\t<meta name=\"google-site-verification\" content=\"VhfKKFpAUd5BDOqNdL0E7pN1M5DYDEoFZZAnvKiTddM\" \/>\n\t<link rel=\"canonical\" href=\"https:\/\/aamnation.com\/pl\/2025\/07\/17\/skydrive-to-perform-further-demonstrations-flights-at-osaka-expo2025\/\" \/>\n\t<meta name=\"generator\" content=\"All in One SEO Pro (AIOSEO) 4.9.6.2\" \/>\n\t\t<meta property=\"og:locale\" content=\"pl_PL\" \/>\n\t\t<meta property=\"og:site_name\" content=\"AAM Nation - Is Elevating The Worldwide AAM \/ UAM \/ UAS \/ UAV \/ Air Taxi eVTOL and Flying Car Industry Into The Future!\" \/>\n\t\t<meta property=\"og:type\" content=\"article\" \/>\n\t\t<meta property=\"og:title\" content=\"SkyDrive to Perform Further Demonstrations Flights at Osaka Expo2025 - AAM Nation\" \/>\n\t\t<meta property=\"og:description\" content=\"SkyDrive Inc. (\u201cSkyDrive\u201d), a leading eVTOL (*1) aircraft manufacturer based in Japan, will perform further demonstration flights of the SKYDRIVE (SkyDrive Model SD-05) at the Expo 2025, Osaka, Kansai, Japan. The first flight of this next series of demonstrations is scheduled for July 31, 2025, with further flights scheduled throughout the summer. Back in February\" \/>\n\t\t<meta property=\"og:url\" content=\"https:\/\/aamnation.com\/pl\/2025\/07\/17\/skydrive-to-perform-further-demonstrations-flights-at-osaka-expo2025\/\" \/>\n\t\t<meta property=\"og:image\" content=\"https:\/\/aamnation.com\/wp-content\/uploads\/2025\/05\/AAM-Logo-2.png\" \/>\n\t\t<meta property=\"og:image:secure_url\" content=\"https:\/\/aamnation.com\/wp-content\/uploads\/2025\/05\/AAM-Logo-2.png\" \/>\n\t\t<meta property=\"og:image:width\" content=\"150\" \/>\n\t\t<meta property=\"og:image:height\" content=\"150\" \/>\n\t\t<meta property=\"article:published_time\" content=\"2025-07-17T12:55:18+00:00\" \/>\n\t\t<meta property=\"article:modified_time\" content=\"2025-07-17T13:05:35+00:00\" \/>\n\t\t<meta name=\"twitter:card\" content=\"summary_large_image\" \/>\n\t\t<meta name=\"twitter:title\" content=\"SkyDrive to Perform Further Demonstrations Flights at Osaka Expo2025 - AAM Nation\" \/>\n\t\t<meta name=\"twitter:description\" content=\"SkyDrive Inc. (\u201cSkyDrive\u201d), a leading eVTOL (*1) aircraft manufacturer based in Japan, will perform further demonstration flights of the SKYDRIVE (SkyDrive Model SD-05) at the Expo 2025, Osaka, Kansai, Japan. The first flight of this next series of demonstrations is scheduled for July 31, 2025, with further flights scheduled throughout the summer. Back in February\" \/>\n\t\t<meta name=\"twitter:image\" content=\"https:\/\/aamnation.com\/wp-content\/uploads\/2025\/05\/AAM-Logo-2.png\" \/>\n\t\t<script type=\"application\/ld+json\" class=\"aioseo-schema\">\n\t\t\t{\"@context\":\"https:\\\/\\\/schema.org\",\"@graph\":[{\"@type\":\"BlogPosting\",\"@id\":\"https:\\\/\\\/aamnation.com\\\/pl\\\/2025\\\/07\\\/17\\\/skydrive-to-perform-further-demonstrations-flights-at-osaka-expo2025\\\/#blogposting\",\"name\":\"SkyDrive to Perform Further Demonstrations Flights at Osaka Expo2025 - AAM Nation\",\"headline\":\"SkyDrive to Perform Further Demonstrations Flights at Osaka Expo2025\",\"author\":{\"@id\":\"https:\\\/\\\/aamnation.com\\\/pl\\\/author\\\/evhnews\\\/#author\"},\"publisher\":{\"@id\":\"https:\\\/\\\/aamnation.com\\\/pl\\\/#organization\"},\"image\":{\"@type\":\"ImageObject\",\"url\":\"https:\\\/\\\/i0.wp.com\\\/aamnation.com\\\/wp-content\\\/uploads\\\/2025\\\/07\\\/The-AAM-eVTOL-SKYDRIVE-SkyDrive-SD-05-Model-Exhibition-Flight-At-The-EXPO-Vertiport-On-Media-Day-e1752755820599.jpg?fit=1240%2C827&ssl=1\",\"width\":1240,\"height\":827},\"datePublished\":\"2025-07-17T05:55:18-07:00\",\"dateModified\":\"2025-07-17T06:05:35-07:00\",\"inLanguage\":\"pl-PL\",\"mainEntityOfPage\":{\"@id\":\"https:\\\/\\\/aamnation.com\\\/pl\\\/2025\\\/07\\\/17\\\/skydrive-to-perform-further-demonstrations-flights-at-osaka-expo2025\\\/#webpage\"},\"isPartOf\":{\"@id\":\"https:\\\/\\\/aamnation.com\\\/pl\\\/2025\\\/07\\\/17\\\/skydrive-to-perform-further-demonstrations-flights-at-osaka-expo2025\\\/#webpage\"},\"articleSection\":\"AAM &amp; UAM Expo \\\/ Show, #AAM, #AAM Aerospace, #AAM Air Taxi, #AAM Aircraft, #AAM eVTOL, #AAM Int. Business, #AAM Logistics, #AAM Medical, #AAM Nation, #AAM Tech News, #AAM UAM Business, #Advanced Air Mobility Nation, #aviation, #Battery, #eTechnology, #eVTOL, #Technology, #UAM, #UAM Aerospace, #UAM Air Taxi, #UAM Aircraft, #UAM eVTOL, #UAM Int. Business, #UAM Logistics, #UAM Medical, #UAM Tech News, #UAV, #UAV Logistics, #USA AAM, #Vertical Flight Society, #WW Air Taxi\"},{\"@type\":\"BreadcrumbList\",\"@id\":\"https:\\\/\\\/aamnation.com\\\/pl\\\/2025\\\/07\\\/17\\\/skydrive-to-perform-further-demonstrations-flights-at-osaka-expo2025\\\/#breadcrumblist\",\"itemListElement\":[{\"@type\":\"ListItem\",\"@id\":\"https:\\\/\\\/aamnation.com\\\/pl#listItem\",\"position\":1,\"name\":\"Home\",\"item\":\"https:\\\/\\\/aamnation.com\\\/pl\",\"nextItem\":{\"@type\":\"ListItem\",\"@id\":\"https:\\\/\\\/aamnation.com\\\/pl\\\/category\\\/aam-uam-expo-show\\\/#listItem\",\"name\":\"AAM &amp; UAM Expo \\\/ Show\"}},{\"@type\":\"ListItem\",\"@id\":\"https:\\\/\\\/aamnation.com\\\/pl\\\/category\\\/aam-uam-expo-show\\\/#listItem\",\"position\":2,\"name\":\"AAM &amp; UAM Expo \\\/ Show\",\"item\":\"https:\\\/\\\/aamnation.com\\\/pl\\\/category\\\/aam-uam-expo-show\\\/\",\"nextItem\":{\"@type\":\"ListItem\",\"@id\":\"https:\\\/\\\/aamnation.com\\\/pl\\\/2025\\\/07\\\/17\\\/skydrive-to-perform-further-demonstrations-flights-at-osaka-expo2025\\\/#listItem\",\"name\":\"SkyDrive to Perform Further Demonstrations Flights at Osaka Expo2025\"},\"previousItem\":{\"@type\":\"ListItem\",\"@id\":\"https:\\\/\\\/aamnation.com\\\/pl#listItem\",\"name\":\"Home\"}},{\"@type\":\"ListItem\",\"@id\":\"https:\\\/\\\/aamnation.com\\\/pl\\\/2025\\\/07\\\/17\\\/skydrive-to-perform-further-demonstrations-flights-at-osaka-expo2025\\\/#listItem\",\"position\":3,\"name\":\"SkyDrive to Perform Further Demonstrations Flights at Osaka Expo2025\",\"previousItem\":{\"@type\":\"ListItem\",\"@id\":\"https:\\\/\\\/aamnation.com\\\/pl\\\/category\\\/aam-uam-expo-show\\\/#listItem\",\"name\":\"AAM &amp; UAM Expo \\\/ Show\"}}]},{\"@type\":\"Organization\",\"@id\":\"https:\\\/\\\/aamnation.com\\\/pl\\\/#organization\",\"name\":\"AAM Nation AAM Nation\",\"description\":\"Is Elevating The Worldwide AAM \\\/ UAM \\\/ UAS \\\/ UAV \\\/ Air Taxi eVTOL and Flying Car Industry Into The Future! Elevating The Worldwide AAM \\\/ UAM \\\/ UAS \\\/ UAV Air Taxi eVTOL and Flying Car Industry Into The Future!\",\"url\":\"https:\\\/\\\/aamnation.com\\\/pl\\\/\",\"email\":\"contact@aamnation.com\",\"telephone\":\"+19492268880\",\"logo\":{\"@type\":\"ImageObject\",\"url\":\"https:\\\/\\\/i0.wp.com\\\/aamnation.com\\\/wp-content\\\/uploads\\\/2025\\\/05\\\/AAM-Logo-2.png?fit=150%2C150&ssl=1\",\"@id\":\"https:\\\/\\\/aamnation.com\\\/pl\\\/2025\\\/07\\\/17\\\/skydrive-to-perform-further-demonstrations-flights-at-osaka-expo2025\\\/#organizationLogo\",\"width\":150,\"height\":150},\"image\":{\"@id\":\"https:\\\/\\\/aamnation.com\\\/pl\\\/2025\\\/07\\\/17\\\/skydrive-to-perform-further-demonstrations-flights-at-osaka-expo2025\\\/#organizationLogo\"}},{\"@type\":\"Person\",\"@id\":\"https:\\\/\\\/aamnation.com\\\/pl\\\/author\\\/evhnews\\\/#author\",\"url\":\"https:\\\/\\\/aamnation.com\\\/pl\\\/author\\\/evhnews\\\/\",\"name\":\"EVHNews\",\"image\":{\"@type\":\"ImageObject\",\"url\":\"https:\\\/\\\/secure.gravatar.com\\\/avatar\\\/6aaa381193748eb0a0f3bfcddc76d9a039b8dbbdb1c0a8260da8c44e6e31285a?s=96&d=identicon&r=g\"}},{\"@type\":\"WebPage\",\"@id\":\"https:\\\/\\\/aamnation.com\\\/pl\\\/2025\\\/07\\\/17\\\/skydrive-to-perform-further-demonstrations-flights-at-osaka-expo2025\\\/#webpage\",\"url\":\"https:\\\/\\\/aamnation.com\\\/pl\\\/2025\\\/07\\\/17\\\/skydrive-to-perform-further-demonstrations-flights-at-osaka-expo2025\\\/\",\"name\":\"SkyDrive to Perform Further Demonstrations Flights at Osaka Expo2025 - AAM Nation\",\"description\":\"SkyDrive Inc. (\\u201cSkyDrive\\u201d), a leading eVTOL (*1) aircraft manufacturer based in Japan, will perform further demonstration flights of the SKYDRIVE (SkyDrive Model SD-05) at the Expo 2025, Osaka, Kansai, Japan. The first flight of this next series of demonstrations is scheduled for July 31, 2025, with further flights scheduled throughout the summer. Back in February\",\"inLanguage\":\"pl-PL\",\"isPartOf\":{\"@id\":\"https:\\\/\\\/aamnation.com\\\/pl\\\/#website\"},\"breadcrumb\":{\"@id\":\"https:\\\/\\\/aamnation.com\\\/pl\\\/2025\\\/07\\\/17\\\/skydrive-to-perform-further-demonstrations-flights-at-osaka-expo2025\\\/#breadcrumblist\"},\"author\":{\"@id\":\"https:\\\/\\\/aamnation.com\\\/pl\\\/author\\\/evhnews\\\/#author\"},\"creator\":{\"@id\":\"https:\\\/\\\/aamnation.com\\\/pl\\\/author\\\/evhnews\\\/#author\"},\"image\":{\"@type\":\"ImageObject\",\"url\":\"https:\\\/\\\/i0.wp.com\\\/aamnation.com\\\/wp-content\\\/uploads\\\/2025\\\/07\\\/The-AAM-eVTOL-SKYDRIVE-SkyDrive-SD-05-Model-Exhibition-Flight-At-The-EXPO-Vertiport-On-Media-Day-e1752755820599.jpg?fit=1240%2C827&ssl=1\",\"@id\":\"https:\\\/\\\/aamnation.com\\\/pl\\\/2025\\\/07\\\/17\\\/skydrive-to-perform-further-demonstrations-flights-at-osaka-expo2025\\\/#mainImage\",\"width\":1240,\"height\":827},\"primaryImageOfPage\":{\"@id\":\"https:\\\/\\\/aamnation.com\\\/pl\\\/2025\\\/07\\\/17\\\/skydrive-to-perform-further-demonstrations-flights-at-osaka-expo2025\\\/#mainImage\"},\"datePublished\":\"2025-07-17T05:55:18-07:00\",\"dateModified\":\"2025-07-17T06:05:35-07:00\"},{\"@type\":\"WebSite\",\"@id\":\"https:\\\/\\\/aamnation.com\\\/pl\\\/#website\",\"url\":\"https:\\\/\\\/aamnation.com\\\/pl\\\/\",\"name\":\"AAM Nation\",\"description\":\"Is Elevating The Worldwide AAM \\\/ UAM \\\/ UAS \\\/ UAV \\\/ Air Taxi eVTOL and Flying Car Industry Into The Future!\",\"inLanguage\":\"pl-PL\",\"publisher\":{\"@id\":\"https:\\\/\\\/aamnation.com\\\/pl\\\/#organization\"}}]}\n\t\t<\/script>\n\t\t<!-- All in One SEO Pro -->\r\n\t\t<title>SkyDrive to Perform Further Demonstrations Flights at Osaka Expo2025 - AAM Nation<\/title>\n\n","aioseo_head_json":{"title":"SkyDrive wykona kolejne loty demonstracyjne na targach Expo2025 w Osace - AAM Nation","description":"SkyDrive Inc. (\u201cSkyDrive\u201d), wiod\u0105cy producent samolot\u00f3w eVTOL (*1) z siedzib\u0105 w Japonii, wykona kolejne loty demonstracyjne SKYDRIVE (SkyDrive Model SD-05) na Expo 2025 w Osace, Kansai, Japonia. Pierwszy lot z tej kolejnej serii pokaz\u00f3w zaplanowano na 31 lipca 2025 r., a kolejne na ca\u0142e lato. Jeszcze w lutym","canonical_url":"https:\/\/aamnation.com\/pl\/2025\/07\/17\/skydrive-to-perform-further-demonstrations-flights-at-osaka-expo2025\/","robots":"max-image-preview:large","keywords":"","webmasterTools":{"google-site-verification":"VhfKKFpAUd5BDOqNdL0E7pN1M5DYDEoFZZAnvKiTddM","miscellaneous":""},"schema":{"@context":"https:\/\/schema.org","@graph":[{"@type":"BlogPosting","@id":"https:\/\/aamnation.com\/pl\/2025\/07\/17\/skydrive-to-perform-further-demonstrations-flights-at-osaka-expo2025\/#blogposting","name":"SkyDrive to Perform Further Demonstrations Flights at Osaka Expo2025 - AAM Nation","headline":"SkyDrive to Perform Further Demonstrations Flights at Osaka Expo2025","author":{"@id":"https:\/\/aamnation.com\/pl\/author\/evhnews\/#author"},"publisher":{"@id":"https:\/\/aamnation.com\/pl\/#organization"},"image":{"@type":"ImageObject","url":"https:\/\/i0.wp.com\/aamnation.com\/wp-content\/uploads\/2025\/07\/The-AAM-eVTOL-SKYDRIVE-SkyDrive-SD-05-Model-Exhibition-Flight-At-The-EXPO-Vertiport-On-Media-Day-e1752755820599.jpg?fit=1240%2C827&ssl=1","width":1240,"height":827},"datePublished":"2025-07-17T05:55:18-07:00","dateModified":"2025-07-17T06:05:35-07:00","inLanguage":"pl-PL","mainEntityOfPage":{"@id":"https:\/\/aamnation.com\/pl\/2025\/07\/17\/skydrive-to-perform-further-demonstrations-flights-at-osaka-expo2025\/#webpage"},"isPartOf":{"@id":"https:\/\/aamnation.com\/pl\/2025\/07\/17\/skydrive-to-perform-further-demonstrations-flights-at-osaka-expo2025\/#webpage"},"articleSection":"AAM &amp; UAM Expo \/ Show, #AAM, #AAM Aerospace, #AAM Air Taxi, #AAM Aircraft, #AAM eVTOL, #AAM Int. Business, #AAM Logistics, #AAM Medical, #AAM Nation, #AAM Tech News, #AAM UAM Business, #Advanced Air Mobility Nation, #aviation, #Battery, #eTechnology, #eVTOL, #Technology, #UAM, #UAM Aerospace, #UAM Air Taxi, #UAM Aircraft, #UAM eVTOL, #UAM Int. Business, #UAM Logistics, #UAM Medical, #UAM Tech News, #UAV, #UAV Logistics, #USA AAM, #Vertical Flight Society, #WW Air Taxi"},{"@type":"BreadcrumbList","@id":"https:\/\/aamnation.com\/pl\/2025\/07\/17\/skydrive-to-perform-further-demonstrations-flights-at-osaka-expo2025\/#breadcrumblist","itemListElement":[{"@type":"ListItem","@id":"https:\/\/aamnation.com\/pl#listItem","position":1,"name":"Home","item":"https:\/\/aamnation.com\/pl","nextItem":{"@type":"ListItem","@id":"https:\/\/aamnation.com\/pl\/category\/aam-uam-expo-show\/#listItem","name":"AAM &amp; UAM Expo \/ Show"}},{"@type":"ListItem","@id":"https:\/\/aamnation.com\/pl\/category\/aam-uam-expo-show\/#listItem","position":2,"name":"AAM &amp; UAM Expo \/ Show","item":"https:\/\/aamnation.com\/pl\/category\/aam-uam-expo-show\/","nextItem":{"@type":"ListItem","@id":"https:\/\/aamnation.com\/pl\/2025\/07\/17\/skydrive-to-perform-further-demonstrations-flights-at-osaka-expo2025\/#listItem","name":"SkyDrive to Perform Further Demonstrations Flights at Osaka Expo2025"},"previousItem":{"@type":"ListItem","@id":"https:\/\/aamnation.com\/pl#listItem","name":"Home"}},{"@type":"ListItem","@id":"https:\/\/aamnation.com\/pl\/2025\/07\/17\/skydrive-to-perform-further-demonstrations-flights-at-osaka-expo2025\/#listItem","position":3,"name":"SkyDrive to Perform Further Demonstrations Flights at Osaka Expo2025","previousItem":{"@type":"ListItem","@id":"https:\/\/aamnation.com\/pl\/category\/aam-uam-expo-show\/#listItem","name":"AAM &amp; UAM Expo \/ Show"}}]},{"@type":"Organization","@id":"https:\/\/aamnation.com\/pl\/#organization","name":"AAM Nation AAM Nation","description":"Is Elevating The Worldwide AAM \/ UAM \/ UAS \/ UAV \/ Air Taxi eVTOL and Flying Car Industry Into The Future! Elevating The Worldwide AAM \/ UAM \/ UAS \/ UAV Air Taxi eVTOL and Flying Car Industry Into The Future!","url":"https:\/\/aamnation.com\/pl\/","email":"contact@aamnation.com","telephone":"+19492268880","logo":{"@type":"ImageObject","url":"https:\/\/i0.wp.com\/aamnation.com\/wp-content\/uploads\/2025\/05\/AAM-Logo-2.png?fit=150%2C150&ssl=1","@id":"https:\/\/aamnation.com\/pl\/2025\/07\/17\/skydrive-to-perform-further-demonstrations-flights-at-osaka-expo2025\/#organizationLogo","width":150,"height":150},"image":{"@id":"https:\/\/aamnation.com\/pl\/2025\/07\/17\/skydrive-to-perform-further-demonstrations-flights-at-osaka-expo2025\/#organizationLogo"}},{"@type":"Person","@id":"https:\/\/aamnation.com\/pl\/author\/evhnews\/#author","url":"https:\/\/aamnation.com\/pl\/author\/evhnews\/","name":"EVHNews","image":{"@type":"ImageObject","url":"https:\/\/secure.gravatar.com\/avatar\/6aaa381193748eb0a0f3bfcddc76d9a039b8dbbdb1c0a8260da8c44e6e31285a?s=96&d=identicon&r=g"}},{"@type":"WebPage","@id":"https:\/\/aamnation.com\/pl\/2025\/07\/17\/skydrive-to-perform-further-demonstrations-flights-at-osaka-expo2025\/#webpage","url":"https:\/\/aamnation.com\/pl\/2025\/07\/17\/skydrive-to-perform-further-demonstrations-flights-at-osaka-expo2025\/","name":"SkyDrive to Perform Further Demonstrations Flights at Osaka Expo2025 - AAM Nation","description":"SkyDrive Inc. (\u201cSkyDrive\u201d), a leading eVTOL (*1) aircraft manufacturer based in Japan, will perform further demonstration flights of the SKYDRIVE (SkyDrive Model SD-05) at the Expo 2025, Osaka, Kansai, Japan. The first flight of this next series of demonstrations is scheduled for July 31, 2025, with further flights scheduled throughout the summer. Back in February","inLanguage":"pl-PL","isPartOf":{"@id":"https:\/\/aamnation.com\/pl\/#website"},"breadcrumb":{"@id":"https:\/\/aamnation.com\/pl\/2025\/07\/17\/skydrive-to-perform-further-demonstrations-flights-at-osaka-expo2025\/#breadcrumblist"},"author":{"@id":"https:\/\/aamnation.com\/pl\/author\/evhnews\/#author"},"creator":{"@id":"https:\/\/aamnation.com\/pl\/author\/evhnews\/#author"},"image":{"@type":"ImageObject","url":"https:\/\/i0.wp.com\/aamnation.com\/wp-content\/uploads\/2025\/07\/The-AAM-eVTOL-SKYDRIVE-SkyDrive-SD-05-Model-Exhibition-Flight-At-The-EXPO-Vertiport-On-Media-Day-e1752755820599.jpg?fit=1240%2C827&ssl=1","@id":"https:\/\/aamnation.com\/pl\/2025\/07\/17\/skydrive-to-perform-further-demonstrations-flights-at-osaka-expo2025\/#mainImage","width":1240,"height":827},"primaryImageOfPage":{"@id":"https:\/\/aamnation.com\/pl\/2025\/07\/17\/skydrive-to-perform-further-demonstrations-flights-at-osaka-expo2025\/#mainImage"},"datePublished":"2025-07-17T05:55:18-07:00","dateModified":"2025-07-17T06:05:35-07:00"},{"@type":"WebSite","@id":"https:\/\/aamnation.com\/pl\/#website","url":"https:\/\/aamnation.com\/pl\/","name":"AAM Nation","description":"Is Elevating The Worldwide AAM \/ UAM \/ UAS \/ UAV \/ Air Taxi eVTOL and Flying Car Industry Into The Future!","inLanguage":"pl-PL","publisher":{"@id":"https:\/\/aamnation.com\/pl\/#organization"}}]},"og:locale":"pl_PL","og:site_name":"AAM Nation - Is Elevating The Worldwide AAM \/ UAM \/ UAS \/ UAV \/ Air Taxi eVTOL and Flying Car Industry Into The Future!","og:type":"article","og:title":"SkyDrive to Perform Further Demonstrations Flights at Osaka Expo2025 - AAM Nation","og:description":"SkyDrive Inc. (\u201cSkyDrive\u201d), a leading eVTOL (*1) aircraft manufacturer based in Japan, will perform further demonstration flights of the SKYDRIVE (SkyDrive Model SD-05) at the Expo 2025, Osaka, Kansai, Japan. The first flight of this next series of demonstrations is scheduled for July 31, 2025, with further flights scheduled throughout the summer. Back in February","og:url":"https:\/\/aamnation.com\/pl\/2025\/07\/17\/skydrive-to-perform-further-demonstrations-flights-at-osaka-expo2025\/","og:image":"https:\/\/aamnation.com\/wp-content\/uploads\/2025\/05\/AAM-Logo-2.png","og:image:secure_url":"https:\/\/aamnation.com\/wp-content\/uploads\/2025\/05\/AAM-Logo-2.png","og:image:width":150,"og:image:height":150,"article:published_time":"2025-07-17T12:55:18+00:00","article:modified_time":"2025-07-17T13:05:35+00:00","twitter:card":"summary_large_image","twitter:title":"SkyDrive to Perform Further Demonstrations Flights at Osaka Expo2025 - AAM Nation","twitter:description":"SkyDrive Inc. (\u201cSkyDrive\u201d), a leading eVTOL (*1) aircraft manufacturer based in Japan, will perform further demonstration flights of the SKYDRIVE (SkyDrive Model SD-05) at the Expo 2025, Osaka, Kansai, Japan. The first flight of this next series of demonstrations is scheduled for July 31, 2025, with further flights scheduled throughout the summer. Back in February","twitter:image":"https:\/\/aamnation.com\/wp-content\/uploads\/2025\/05\/AAM-Logo-2.png"},"aioseo_meta_data":{"post_id":"2953","title":null,"description":null,"keywords":null,"keyphrases":null,"primary_term":null,"canonical_url":null,"og_title":null,"og_description":null,"og_object_type":"default","og_image_type":"default","og_image_url":null,"og_image_width":null,"og_image_height":null,"og_image_custom_url":null,"og_image_custom_fields":null,"og_video":null,"og_custom_url":null,"og_article_section":null,"og_article_tags":null,"twitter_use_og":false,"twitter_card":"default","twitter_image_type":"default","twitter_image_url":null,"twitter_image_custom_url":null,"twitter_image_custom_fields":null,"twitter_title":null,"twitter_description":null,"schema":{"blockGraphs":[],"customGraphs":[],"default":{"data":{"Article":[],"Course":[],"Dataset":[],"FAQPage":[],"Movie":[],"Person":[],"Product":[],"ProductReview":[],"Car":[],"Recipe":[],"Service":[],"SoftwareApplication":[],"WebPage":[]},"graphName":"","isEnabled":true},"graphs":[]},"schema_type":"default","schema_type_options":null,"pillar_content":false,"robots_default":true,"robots_noindex":false,"robots_noarchive":false,"robots_nosnippet":false,"robots_nofollow":false,"robots_noimageindex":false,"robots_noodp":false,"robots_notranslate":false,"robots_max_snippet":null,"robots_max_videopreview":null,"robots_max_imagepreview":"large","priority":null,"frequency":null,"local_seo":null,"seo_analyzer_scan_date":"2025-09-13 19:45:50","breadcrumb_settings":null,"limit_modified_date":false,"reviewed_by":null,"open_ai":null,"ai":null,"created":"2025-09-12 02:44:27","updated":"2025-09-13 19:45:50"},"aioseo_breadcrumb":"<div class=\"aioseo-breadcrumbs\"><span class=\"aioseo-breadcrumb\">\n\t<a href=\"https:\/\/aamnation.com\/pl\" title=\"Home\">Home<\/a>\n<\/span><span class=\"aioseo-breadcrumb-separator\">&raquo;<\/span><span class=\"aioseo-breadcrumb\">\n\t<a href=\"https:\/\/aamnation.com\/pl\/category\/aam-uam-expo-show\/\" title=\"AAM &amp; UAM Expo \/ Show\">AAM &amp; UAM Expo \/ Show<\/a>\n<\/span><span class=\"aioseo-breadcrumb-separator\">&raquo;<\/span><span class=\"aioseo-breadcrumb\">\n\tSkyDrive to Perform Further Demonstrations Flights at Osaka Expo2025\n<\/span><\/div>","aioseo_breadcrumb_json":[{"label":"Home","link":"https:\/\/aamnation.com\/pl"},{"label":"AAM &amp; UAM Expo \/ Show","link":"https:\/\/aamnation.com\/pl\/category\/aam-uam-expo-show\/"},{"label":"SkyDrive to Perform Further Demonstrations Flights at Osaka Expo2025","link":"https:\/\/aamnation.com\/pl\/2025\/07\/17\/skydrive-to-perform-further-demonstrations-flights-at-osaka-expo2025\/"}],"jetpack_likes_enabled":true,"jetpack_sharing_enabled":true,"jetpack_shortlink":"https:\/\/wp.me\/pgg37f-LD","jetpack-related-posts":[],"_links":{"self":[{"href":"https:\/\/aamnation.com\/pl\/wp-json\/wp\/v2\/posts\/2953","targetHints":{"allow":["GET"]}}],"collection":[{"href":"https:\/\/aamnation.com\/pl\/wp-json\/wp\/v2\/posts"}],"about":[{"href":"https:\/\/aamnation.com\/pl\/wp-json\/wp\/v2\/types\/post"}],"author":[{"embeddable":true,"href":"https:\/\/aamnation.com\/pl\/wp-json\/wp\/v2\/users\/165558846"}],"replies":[{"embeddable":true,"href":"https:\/\/aamnation.com\/pl\/wp-json\/wp\/v2\/comments?post=2953"}],"version-history":[{"count":11,"href":"https:\/\/aamnation.com\/pl\/wp-json\/wp\/v2\/posts\/2953\/revisions"}],"predecessor-version":[{"id":2972,"href":"https:\/\/aamnation.com\/pl\/wp-json\/wp\/v2\/posts\/2953\/revisions\/2972"}],"wp:featuredmedia":[{"embeddable":true,"href":"https:\/\/aamnation.com\/pl\/wp-json\/wp\/v2\/media\/2954"}],"wp:attachment":[{"href":"https:\/\/aamnation.com\/pl\/wp-json\/wp\/v2\/media?parent=2953"}],"wp:term":[{"taxonomy":"category","embeddable":true,"href":"https:\/\/aamnation.com\/pl\/wp-json\/wp\/v2\/categories?post=2953"},{"taxonomy":"post_tag","embeddable":true,"href":"https:\/\/aamnation.com\/pl\/wp-json\/wp\/v2\/tags?post=2953"}],"curies":[{"name":"wp","href":"https:\/\/api.w.org\/{rel}","templated":true}]}}